{"id":2526,"date":"2018-04-04T19:57:02","date_gmt":"2018-04-04T19:57:02","guid":{"rendered":"http:\/\/www.sindenfermeiro.com.br\/?p=2526"},"modified":"2026-04-26T14:07:19","modified_gmt":"2026-04-26T17:07:19","slug":"sindenfermeiro-se-reune-com-agaciel-maia-para-cobrar-andamento-da-isonomia-salarial-dos-enfermeiros","status":"publish","type":"post","link":"https:\/\/sindenfermeiro.com.br\/index.php\/2018\/04\/04\/sindenfermeiro-se-reune-com-agaciel-maia-para-cobrar-andamento-da-isonomia-salarial-dos-enfermeiros\/","title":{"rendered":"SindEnfermeiro se re\u00fane com l\u00edder do Governo por isonomia salarial"},"content":{"rendered":"<p><span style=\"font-size: 10pt\">Por: Marcelo Tobias<\/span><\/p>\n<p style=\"text-align: justify\">Nessa quarta (4), a presidente do SindEnfermeiro-DF, Dayse Amar\u00edlio recebeu o l\u00edder do Governo na C\u00e2mara Legislativa (CLDF), deputado Agaciel Maia (PR), para dialogar a respeito do processo que estabelece a isonomia salarial entre enfermeiros e cirurgi\u00f5es dentistas da Secretaria de Sa\u00fade (SES). Durante o encontro, na sede do SindEnfermeiro-DF, o parlamentar comprometeu-se a intermediar uma reuni\u00e3o entre o sindicato e o secret\u00e1rio de sa\u00fade, Humberto Fonseca, para viabilizar o projeto, j\u00e1 que a proposta deve ser encaminhada \u00e0 C\u00e2mara atrav\u00e9s do Executivo.<\/p>\n<p style=\"text-align: justify\">De acordo com o deputado,\u00a0um estudo de viabilidade or\u00e7ament\u00e1ria do projeto e seu impacto na folha de pagamento tamb\u00e9m\u00a0 est\u00e1 em andamento. Segundo Agaciel, a aprova\u00e7\u00e3o da proposta \u00e9 uma quest\u00e3o de &#8220;justi\u00e7a&#8221;.\u00a0\u201cTemos que sensibilizar o Executivo para essa injusti\u00e7a, visto que os estudos preliminares de viabilidade financeira mostram que o projeto \u00e9 vi\u00e1vel\u201d, disse.<\/p>\n<p><img loading=\"lazy\" decoding=\"async\" class=\"aligncenter wp-image-2535\" src=\"http:\/\/www.sindenfermeiro.com.br\/wp-content\/uploads\/2018\/04\/MG_6022.jpg\" alt=\"\" width=\"500\" height=\"333\" \/><\/p>\n<p style=\"text-align: justify\"><strong>A proposta<\/strong><\/p>\n<p style=\"text-align: justify\">Em janeiro, o SindEnfermeiro-DF apresentou a Agaciel Maia, a proposta de reestrutura\u00e7\u00e3o\u00a0 do Plano de Cargos e Sal\u00e1rios dos enfermeiros da SES. Um dos aspectos da iniciativa diz respeito a isonomia salarial entre enfermeiros e cirurgi\u00f5es dentistas da secretaria. No in\u00edcio de fevereiro, em fun\u00e7\u00e3o da articula\u00e7\u00e3o do Sindicato dos Enfermeiros em prol da categoria, o l\u00edder do Governo protocolou a proposta na C\u00e2mara Legislativa.<\/p>\n<p style=\"text-align: justify\">Tamb\u00e9m participaram da reuni\u00e3o os diretores executivos do SindEnfermeiro-DF, Tarc\u00edsio Faria e M\u00e1rcio Da Mata e jur\u00eddico, S\u00e9rgio Lima, al\u00e9m de assessores do deputado.<\/p>\n<p><img loading=\"lazy\" decoding=\"async\" class=\"aligncenter wp-image-2534\" src=\"http:\/\/www.sindenfermeiro.com.br\/wp-content\/uploads\/2018\/04\/MG_6010.jpg\" alt=\"\" width=\"500\" height=\"333\" \/><\/p>\n<p><img loading=\"lazy\" decoding=\"async\" class=\"aligncenter wp-image-2542\" src=\"http:\/\/www.sindenfermeiro.com.br\/wp-content\/uploads\/2018\/04\/MG_6030.jpg\" alt=\"\" width=\"500\" height=\"333\" \/><\/p>\n<p>&nbsp;<\/p>\n<p>&nbsp;<\/p>\n","protected":false},"excerpt":{"rendered":"<p>Por: Marcelo Tobias Nessa quarta (4), a presidente do SindEnfermeiro-DF, Dayse Amar\u00edlio recebeu o l\u00edder do Governo na C\u00e2mara Legislativa (CLDF), deputado Agaciel Maia (PR), para dialogar a respeito do processo que estabelece a isonomia salarial entre enfermeiros e cirurgi\u00f5es dentistas da Secretaria de Sa\u00fade (SES). Durante o encontro, na sede do SindEnfermeiro-DF, o parlamentar [&hellip;]<\/p>\n","protected":false},"author":6,"featured_media":2542,"comment_status":"closed","ping_status":"closed","sticky":false,"template":"","format":"standard","meta":{"footnotes":""},"categories":[5,2],"tags":[33],"class_list":["post-2526","post","type-post","status-publish","format-standard","has-post-thumbnail","hentry","category-rede-publica","category-teste","tag-isonomia-salaria-cldf-agaciel-maia"],"_links":{"self":[{"href":"https:\/\/sindenfermeiro.com.br\/index.php\/wp-json\/wp\/v2\/posts\/2526","targetHints":{"allow":["GET"]}}],"collection":[{"href":"https:\/\/sindenfermeiro.com.br\/index.php\/wp-json\/wp\/v2\/posts"}],"about":[{"href":"https:\/\/sindenfermeiro.com.br\/index.php\/wp-json\/wp\/v2\/types\/post"}],"author":[{"embeddable":true,"href":"https:\/\/sindenfermeiro.com.br\/index.php\/wp-json\/wp\/v2\/users\/6"}],"replies":[{"embeddable":true,"href":"https:\/\/sindenfermeiro.com.br\/index.php\/wp-json\/wp\/v2\/comments?post=2526"}],"version-history":[{"count":1,"href":"https:\/\/sindenfermeiro.com.br\/index.php\/wp-json\/wp\/v2\/posts\/2526\/revisions"}],"predecessor-version":[{"id":29422,"href":"https:\/\/sindenfermeiro.com.br\/index.php\/wp-json\/wp\/v2\/posts\/2526\/revisions\/29422"}],"wp:featuredmedia":[{"embeddable":true,"href":"https:\/\/sindenfermeiro.com.br\/index.php\/wp-json\/"}],"wp:attachment":[{"href":"https:\/\/sindenfermeiro.com.br\/index.php\/wp-json\/wp\/v2\/media?parent=2526"}],"wp:term":[{"taxonomy":"category","embeddable":true,"href":"https:\/\/sindenfermeiro.com.br\/index.php\/wp-json\/wp\/v2\/categories?post=2526"},{"taxonomy":"post_tag","embeddable":true,"href":"https:\/\/sindenfermeiro.com.br\/index.php\/wp-json\/wp\/v2\/tags?post=2526"}],"curies":[{"name":"wp","href":"https:\/\/api.w.org\/{rel}","templated":true}]}}