{"id":2504,"date":"2018-03-28T19:23:05","date_gmt":"2018-03-28T19:23:05","guid":{"rendered":"http:\/\/www.sindenfermeiro.com.br\/?p=2504"},"modified":"2026-04-29T18:51:34","modified_gmt":"2026-04-29T21:51:34","slug":"sindenfermeiro-debate-seguranca-com-representantes-do-samu-e-da-secretaria-de-saude","status":"publish","type":"post","link":"https:\/\/sindenfermeiro.com.br\/index.php\/2018\/03\/28\/sindenfermeiro-debate-seguranca-com-representantes-do-samu-e-da-secretaria-de-saude\/","title":{"rendered":"SindEnfermeiro debate seguran\u00e7a com representantes do SAMU e da Secretaria de Sa\u00fade"},"content":{"rendered":"<p><span style=\"font-size: 10pt\"><em><strong>Por Marcelo Tobias<\/strong><\/em><\/span><\/p>\n<p style=\"font-weight: 400;text-align: justify\">Nesta quarta-feira (28), o SindEnfermeiro-DF se reuniu com dirigentes do Servi\u00e7o de Atendimento M\u00f3vel de Urg\u00eancia (SAMU-DF) e gestores da Secretaria de Sa\u00fade do Distrito Federal (SES-DF), para discutir a seguran\u00e7a do enfermeiro, no ambiente de trabalho do SAMU. Essa tem sido uma preocupa\u00e7\u00e3o constante do sindicato, principalmente ap\u00f3s a ocorr\u00eancia de uma s\u00e9rie de acidentes envolvendo viaturas do servi\u00e7o.<\/p>\n<p style=\"font-weight: 400;text-align: justify\">Segundo a Secretaria de Sa\u00fade, todas as determina\u00e7\u00f5es da atual legisla\u00e7\u00e3o de tr\u00e2nsito s\u00e3o cumpridas. No entanto, a SES afirmou que realiza estudos t\u00e9cnicos para instituir medidas de seguran\u00e7a mais eficazes.<\/p>\n<p style=\"font-weight: 400;text-align: justify\">A secretaria afirma ainda, que planeja a aquisi\u00e7\u00e3o de novos materiais de seguran\u00e7a, como cinto de tr\u00eas pontas, mochila com apresenta\u00e7\u00e3o ergon\u00f4mica, al\u00e9m da fixa\u00e7\u00e3o mais adequada de equipamentos do layout interno das viaturas.<\/p>\n<p><img loading=\"lazy\" decoding=\"async\" class=\"aligncenter wp-image-2505\" src=\"http:\/\/www.sindenfermeiro.com.br\/wp-content\/uploads\/2018\/03\/WhatsApp-Image-2018-03-28-at-14.59.49.jpeg\" alt=\"\" width=\"600\" height=\"450\" \/><\/p>\n<p style=\"font-weight: 400;text-align: justify\"><strong>Cronograma e proatividade<\/strong><\/p>\n<p style=\"font-weight: 400;text-align: justify\">O SindEnfermeiro-DF solicitou um prazo para a implanta\u00e7\u00e3o das melhorias e\u00a0<span style=\"font-weight: 400\">se disponibilizou a participar de cursos de forma\u00e7\u00e3o voltados \u00e0 seguran\u00e7a e sa\u00fade do trabalhador. J\u00e1 a<\/span>\u00a0SES,\u00a0 comprometeu-se a elaborar um cronograma para implementa\u00e7\u00e3o das medidas necess\u00e1rias.<\/p>\n<p style=\"font-weight: 400;text-align: justify\">Nesse sentido, o sindicato continua acompanhando o processo com todas as aten\u00e7\u00e3o devidamente voltadas \u00e0 seguran\u00e7a dos profissionais do SAMU.<\/p>\n<p>Estiveram presentes, na reuni\u00e3o, os diretores do SindEnfermeiro-DF S\u00e9rgio Lima Gon\u00e7alves e M\u00e1rcio Da Mata.<\/p>\n","protected":false},"excerpt":{"rendered":"<p>Por Marcelo Tobias Nesta quarta-feira (28), o SindEnfermeiro-DF se reuniu com dirigentes do Servi\u00e7o de Atendimento M\u00f3vel de Urg\u00eancia (SAMU-DF) e gestores da Secretaria de Sa\u00fade do Distrito Federal (SES-DF), para discutir a seguran\u00e7a do enfermeiro, no ambiente de trabalho do SAMU. Essa tem sido uma preocupa\u00e7\u00e3o constante do sindicato, principalmente ap\u00f3s a ocorr\u00eancia de [&hellip;]<\/p>\n","protected":false},"author":6,"featured_media":2505,"comment_status":"closed","ping_status":"closed","sticky":false,"template":"","format":"standard","meta":{"footnotes":""},"categories":[6,2],"tags":[],"class_list":["post-2504","post","type-post","status-publish","format-standard","has-post-thumbnail","hentry","category-noticias","category-teste"],"_links":{"self":[{"href":"https:\/\/sindenfermeiro.com.br\/index.php\/wp-json\/wp\/v2\/posts\/2504","targetHints":{"allow":["GET"]}}],"collection":[{"href":"https:\/\/sindenfermeiro.com.br\/index.php\/wp-json\/wp\/v2\/posts"}],"about":[{"href":"https:\/\/sindenfermeiro.com.br\/index.php\/wp-json\/wp\/v2\/types\/post"}],"author":[{"embeddable":true,"href":"https:\/\/sindenfermeiro.com.br\/index.php\/wp-json\/wp\/v2\/users\/6"}],"replies":[{"embeddable":true,"href":"https:\/\/sindenfermeiro.com.br\/index.php\/wp-json\/wp\/v2\/comments?post=2504"}],"version-history":[{"count":1,"href":"https:\/\/sindenfermeiro.com.br\/index.php\/wp-json\/wp\/v2\/posts\/2504\/revisions"}],"predecessor-version":[{"id":32600,"href":"https:\/\/sindenfermeiro.com.br\/index.php\/wp-json\/wp\/v2\/posts\/2504\/revisions\/32600"}],"wp:featuredmedia":[{"embeddable":true,"href":"https:\/\/sindenfermeiro.com.br\/index.php\/wp-json\/"}],"wp:attachment":[{"href":"https:\/\/sindenfermeiro.com.br\/index.php\/wp-json\/wp\/v2\/media?parent=2504"}],"wp:term":[{"taxonomy":"category","embeddable":true,"href":"https:\/\/sindenfermeiro.com.br\/index.php\/wp-json\/wp\/v2\/categories?post=2504"},{"taxonomy":"post_tag","embeddable":true,"href":"https:\/\/sindenfermeiro.com.br\/index.php\/wp-json\/wp\/v2\/tags?post=2504"}],"curies":[{"name":"wp","href":"https:\/\/api.w.org\/{rel}","templated":true}]}}