{"id":2498,"date":"2018-03-28T14:28:46","date_gmt":"2018-03-28T14:28:46","guid":{"rendered":"http:\/\/www.sindenfermeiro.com.br\/?p=2498"},"modified":"2026-04-26T12:37:55","modified_gmt":"2026-04-26T15:37:55","slug":"frente-unica-da-enfermagem-verifica-condicoes-do-repouso-digno-no-hospital-anchieta","status":"publish","type":"post","link":"https:\/\/sindenfermeiro.com.br\/index.php\/2018\/03\/28\/frente-unica-da-enfermagem-verifica-condicoes-do-repouso-digno-no-hospital-anchieta\/","title":{"rendered":"Frente \u00danica da Enfermagem verifica condi\u00e7\u00f5es do repouso digno no Hospital Anchieta"},"content":{"rendered":"<p style=\"text-align: justify\">Na \u00faltima segunda (26), a Frente \u00danica da Enfermagem (FUEnf) visitou o Hospital Anchieta, em Taguatinga, para verificar se as instala\u00e7\u00f5es est\u00e3o de acordo com a Lei Distrital n\u00ba 5.885\/2017, mais conhecida como Lei do Repouso Digno.<\/p>\n<p style=\"text-align: justify\">Sindicato dos Enfermeiros (SindEnfermeiro-DF), Coren-DF e Sindate-DF foram recebidos pela gerente de enfermagem, Rosilda Avelar e pelos engenheiros respons\u00e1veis pelas obras de adequa\u00e7\u00e3o \u00e0 lei, no hospital.<\/p>\n<p style=\"text-align: justify\">Atualmente, o Anchieta constr\u00f3i 3 novos pavimentos, onde o espa\u00e7o para o repouso dos profissionais de enfermagem j\u00e1 est\u00e3o sendo contemplados. De acordo com os representantes do hospital, os outros 9 andares do edif\u00edcio tamb\u00e9m passar\u00e3o por reformas para atenderem aos requisitos da lei.<\/p>\n<p style=\"text-align: justify\">Ao longo das pr\u00f3ximas semanas, al\u00e9m de retornar ao Anchieta, a FUEnf visitar\u00e1 outros hospitais para verificar as condi\u00e7\u00f5es de repouso dos profissionais de enfermagem e dialogar com os respons\u00e1veis.<\/p>\n<div id=\"attachment_2499\" style=\"width: 610px\" class=\"wp-caption aligncenter\"><img loading=\"lazy\" decoding=\"async\" aria-describedby=\"caption-attachment-2499\" class=\" wp-image-2499\" src=\"http:\/\/www.sindenfermeiro.com.br\/wp-content\/uploads\/2018\/03\/WhatsApp-Image-2018-03-26-at-16.36.59.jpeg\" alt=\"\" width=\"600\" height=\"450\" \/><p id=\"caption-attachment-2499\" class=\"wp-caption-text\"><em>FUEnf se re\u00fane com representantes do Hospital Anchieta para verificar condi\u00e7\u00f5es de repouso dos profissionais de enfermagem<\/em><\/p><\/div>\n<p style=\"text-align: justify\"><strong>Conhece a Lei?<\/strong><\/p>\n<p style=\"text-align: justify\">A lei do descanso digno (n\u00ba 5.885\/17) determina que institui\u00e7\u00f5es de sa\u00fade p\u00fablicas e privadas ofere\u00e7am, aos profissionais de enfermagem, condi\u00e7\u00f5es \u201cadequadas de descanso durante os intervalos do hor\u00e1rio de trabalho\u201d. De acordo com a norma, os locais devem ser destinados, especificamente, para o repouso dos profissionais. Os ambientes precisam ser arejados, adequados ao n\u00famero de profissionais em servi\u00e7o e com condi\u00e7\u00f5es sonoras que permitam o descanso digno. O local ainda deve contar, obrigatoriamente, com camas ou beliches e com as instala\u00e7\u00f5es sanit\u00e1rias necess\u00e1rias.<\/p>\n<p><strong>Esfor\u00e7o em prol dos trabalhadores da Enfermagem<\/strong><\/p>\n<p>A lei foi resultado da mobiliza\u00e7\u00e3o e esfor\u00e7o de toda a categoria da Enfermagem em sintonia com as suas entidades representativas, que demonstraram de forma clara e objetiva a necessidade de unir for\u00e7as na constru\u00e7\u00e3o de ideais coletivos. Visando o bem-estar dos trabalhadores e trabalhadoras da Enfermagem, e para que eles tenham a qualidade necess\u00e1ria para desempenhar suas atividades, se deu esse projeto de lei.<\/p>\n<p style=\"text-align: justify\"><strong>Multa<\/strong><\/p>\n<p style=\"text-align: justify\">Os estabelecimentos de sa\u00fade da rede privada que descumprirem a lei do descanso est\u00e3o sujeitas \u00e0 multa de mil reais por dia, at\u00e9 que estejam devidamente de acordo com as condi\u00e7\u00f5es.<\/p>\n<p>&nbsp;<\/p>\n<p>&nbsp;<\/p>\n","protected":false},"excerpt":{"rendered":"<p>Na \u00faltima segunda (26), a Frente \u00danica da Enfermagem (FUEnf) visitou o Hospital Anchieta, em Taguatinga, para verificar se as instala\u00e7\u00f5es est\u00e3o de acordo com a Lei Distrital n\u00ba 5.885\/2017, mais conhecida como Lei do Repouso Digno. Sindicato dos Enfermeiros (SindEnfermeiro-DF), Coren-DF e Sindate-DF foram recebidos pela gerente de enfermagem, Rosilda Avelar e pelos engenheiros [&hellip;]<\/p>\n","protected":false},"author":6,"featured_media":2499,"comment_status":"closed","ping_status":"closed","sticky":false,"template":"","format":"standard","meta":{"footnotes":""},"categories":[13,5,2],"tags":[25,26,27,28,29],"class_list":["post-2498","post","type-post","status-publish","format-standard","has-post-thumbnail","hentry","category-rede-privada","category-rede-publica","category-teste","tag-anchieta","tag-descanso-digno","tag-fuenf","tag-lei-do-descanso-digno","tag-lei-do-repouso"],"_links":{"self":[{"href":"https:\/\/sindenfermeiro.com.br\/index.php\/wp-json\/wp\/v2\/posts\/2498","targetHints":{"allow":["GET"]}}],"collection":[{"href":"https:\/\/sindenfermeiro.com.br\/index.php\/wp-json\/wp\/v2\/posts"}],"about":[{"href":"https:\/\/sindenfermeiro.com.br\/index.php\/wp-json\/wp\/v2\/types\/post"}],"author":[{"embeddable":true,"href":"https:\/\/sindenfermeiro.com.br\/index.php\/wp-json\/wp\/v2\/users\/6"}],"replies":[{"embeddable":true,"href":"https:\/\/sindenfermeiro.com.br\/index.php\/wp-json\/wp\/v2\/comments?post=2498"}],"version-history":[{"count":1,"href":"https:\/\/sindenfermeiro.com.br\/index.php\/wp-json\/wp\/v2\/posts\/2498\/revisions"}],"predecessor-version":[{"id":32599,"href":"https:\/\/sindenfermeiro.com.br\/index.php\/wp-json\/wp\/v2\/posts\/2498\/revisions\/32599"}],"wp:featuredmedia":[{"embeddable":true,"href":"https:\/\/sindenfermeiro.com.br\/index.php\/wp-json\/"}],"wp:attachment":[{"href":"https:\/\/sindenfermeiro.com.br\/index.php\/wp-json\/wp\/v2\/media?parent=2498"}],"wp:term":[{"taxonomy":"category","embeddable":true,"href":"https:\/\/sindenfermeiro.com.br\/index.php\/wp-json\/wp\/v2\/categories?post=2498"},{"taxonomy":"post_tag","embeddable":true,"href":"https:\/\/sindenfermeiro.com.br\/index.php\/wp-json\/wp\/v2\/tags?post=2498"}],"curies":[{"name":"wp","href":"https:\/\/api.w.org\/{rel}","templated":true}]}}