{"id":2490,"date":"2018-03-26T20:12:20","date_gmt":"2018-03-26T20:12:20","guid":{"rendered":"http:\/\/www.sindenfermeiro.com.br\/?p=2490"},"modified":"2026-04-29T18:54:04","modified_gmt":"2026-04-29T21:54:04","slug":"sindenfermeiro-df-faz-jantar-para-homenagear-enfermeiros-aposentados","status":"publish","type":"post","link":"https:\/\/sindenfermeiro.com.br\/index.php\/2018\/03\/26\/sindenfermeiro-df-faz-jantar-para-homenagear-enfermeiros-aposentados\/","title":{"rendered":"SindEnfermeiro-DF faz jantar dan\u00e7ante para homenagear enfermeiros aposentados"},"content":{"rendered":"<p><img loading=\"lazy\" decoding=\"async\" class=\"aligncenter size-full wp-image-2491\" src=\"http:\/\/www.sindenfermeiro.com.br\/wp-content\/uploads\/2018\/03\/MG_5641.jpg\" alt=\"\" width=\"3752\" height=\"2656\" \/><\/p>\n<p>&nbsp;<\/p>\n<p><b>Por: Marcelo Tobias<\/b><\/p>\n<p>No \u00faltimo s\u00e1bado (24), o Clube da Sa\u00fade foi palco do primeiro Jantar Dan\u00e7ante dos Enfermeiros Aposentados do Distrito Federal. O evento organizado pelo SindEnfermeiro-DF contou com a presen\u00e7a de mais de 300 convidados. Quem esteve presente no jantar pode se divertir ao som de m\u00fasica ao vivo, DJs e uma grande variedade de comidas, bebidas e dan\u00e7arinos que animaram a pista de dan\u00e7a.<\/p>\n<p>O jantar faz parte de uma s\u00e9rie de iniciativas do SindEnfermeiro-DF para aproximar, reconhecer e valorizar esses profissionais que tanto se dedicaram em prol da sa\u00fade da popula\u00e7\u00e3o do Distrito Federal. Segundo a organiza\u00e7\u00e3o do evento, o jantar foi um sucesso e a partir dessa edi\u00e7\u00e3o a comemora\u00e7\u00e3o ser\u00e1 anual.<\/p>\n<p><strong>Novidades para os sindicalizados<\/strong><\/p>\n<p>A cria\u00e7\u00e3o da primeira farm\u00e1cia do SindEnfermeiro-DF, a Enfarma, foi anunciada durante o evento. Essa \u00e9 uma das iniciativas criadas pela atual gest\u00e3o do sindicado para atender ainda mais as necessidades dos seus associados. Al\u00e9m da cria\u00e7\u00e3o da Enfarma, outra novidade revelada no jantar s\u00e3o as aulas de dan\u00e7a de sal\u00e3o, que ser\u00e3o oferecidas de gra\u00e7a aos enfermeiros aposentados sindicalizados. As aulas acontecer\u00e3o na sede do SindEnfermeiro-DF. As inscri\u00e7\u00f5es come\u00e7am no dia 10 de maio.<\/p>\n<p><a href=\"https:\/\/www.facebook.com\/pg\/sindenfermeirodf\/photos\/?tab=album&amp;album_id=789924937869561\"><strong>CONFIRA TODA AS FOTOS DO JANTAR\u00a0<\/strong><\/a><\/p>\n<p style=\"font-weight: 400\">\n","protected":false},"excerpt":{"rendered":"<p>&nbsp; Por: Marcelo Tobias No \u00faltimo s\u00e1bado (24), o Clube da Sa\u00fade foi palco do primeiro Jantar Dan\u00e7ante dos Enfermeiros Aposentados do Distrito Federal. O evento organizado pelo SindEnfermeiro-DF contou com a presen\u00e7a de mais de 300 convidados. Quem esteve presente no jantar pode se divertir ao som de m\u00fasica ao vivo, DJs e uma [&hellip;]<\/p>\n","protected":false},"author":6,"featured_media":2491,"comment_status":"closed","ping_status":"closed","sticky":false,"template":"","format":"standard","meta":{"footnotes":""},"categories":[6,2],"tags":[],"class_list":["post-2490","post","type-post","status-publish","format-standard","has-post-thumbnail","hentry","category-noticias","category-teste"],"_links":{"self":[{"href":"https:\/\/sindenfermeiro.com.br\/index.php\/wp-json\/wp\/v2\/posts\/2490","targetHints":{"allow":["GET"]}}],"collection":[{"href":"https:\/\/sindenfermeiro.com.br\/index.php\/wp-json\/wp\/v2\/posts"}],"about":[{"href":"https:\/\/sindenfermeiro.com.br\/index.php\/wp-json\/wp\/v2\/types\/post"}],"author":[{"embeddable":true,"href":"https:\/\/sindenfermeiro.com.br\/index.php\/wp-json\/wp\/v2\/users\/6"}],"replies":[{"embeddable":true,"href":"https:\/\/sindenfermeiro.com.br\/index.php\/wp-json\/wp\/v2\/comments?post=2490"}],"version-history":[{"count":1,"href":"https:\/\/sindenfermeiro.com.br\/index.php\/wp-json\/wp\/v2\/posts\/2490\/revisions"}],"predecessor-version":[{"id":29448,"href":"https:\/\/sindenfermeiro.com.br\/index.php\/wp-json\/wp\/v2\/posts\/2490\/revisions\/29448"}],"wp:featuredmedia":[{"embeddable":true,"href":"https:\/\/sindenfermeiro.com.br\/index.php\/wp-json\/"}],"wp:attachment":[{"href":"https:\/\/sindenfermeiro.com.br\/index.php\/wp-json\/wp\/v2\/media?parent=2490"}],"wp:term":[{"taxonomy":"category","embeddable":true,"href":"https:\/\/sindenfermeiro.com.br\/index.php\/wp-json\/wp\/v2\/categories?post=2490"},{"taxonomy":"post_tag","embeddable":true,"href":"https:\/\/sindenfermeiro.com.br\/index.php\/wp-json\/wp\/v2\/tags?post=2490"}],"curies":[{"name":"wp","href":"https:\/\/api.w.org\/{rel}","templated":true}]}}