{"id":2456,"date":"2018-03-19T21:08:45","date_gmt":"2018-03-19T21:08:45","guid":{"rendered":"http:\/\/www.sindenfermeiro.com.br\/?p=2456"},"modified":"2026-04-29T18:52:34","modified_gmt":"2026-04-29T21:52:34","slug":"transmissao-ao-vivo-no-facebook-imposto-sindica","status":"publish","type":"post","link":"https:\/\/sindenfermeiro.com.br\/index.php\/2018\/03\/19\/transmissao-ao-vivo-no-facebook-imposto-sindica\/","title":{"rendered":"TRANSMISS\u00c3O AO VIVO NO FACEBOOK &#8211; IMPOSTO SINDICAL"},"content":{"rendered":"<p>&nbsp;<\/p>\n<p><img loading=\"lazy\" decoding=\"async\" class=\"aligncenter size-full wp-image-2457\" src=\"http:\/\/www.sindenfermeiro.com.br\/wp-content\/uploads\/2018\/03\/Sem-T\u00edtulo-1-1.jpg\" alt=\"\" width=\"980\" height=\"426\" \/><\/p>\n<p>Amanh\u00e3 (20\/03), a partir das 13 horas, Tarc\u00edsio Faria (secret\u00e1rio de finan\u00e7as do SindEnfermeiro\/DF) e seu convidado Dr. Henrique (advogado), esclarecer\u00e3o todas as quest\u00f5es sobre a liminar do STJ que obriga todos os Enfermeiros da Secretaria de Sa\u00fade do DF a pagarem o imposto sindical ao SINDSA\u00daDE\/DF, em uma transmiss\u00e3o ao vivo no Facebook.<\/p>\n","protected":false},"excerpt":{"rendered":"<p>&nbsp; Amanh\u00e3 (20\/03), a partir das 13 horas, Tarc\u00edsio Faria (secret\u00e1rio de finan\u00e7as do SindEnfermeiro\/DF) e seu convidado Dr. Henrique (advogado), esclarecer\u00e3o todas as quest\u00f5es sobre a liminar do STJ que obriga todos os Enfermeiros da Secretaria de Sa\u00fade do DF a pagarem o imposto sindical ao SINDSA\u00daDE\/DF, em uma transmiss\u00e3o ao vivo no Facebook.<\/p>\n","protected":false},"author":6,"featured_media":2457,"comment_status":"closed","ping_status":"closed","sticky":false,"template":"","format":"standard","meta":{"footnotes":""},"categories":[6,2],"tags":[],"class_list":["post-2456","post","type-post","status-publish","format-standard","has-post-thumbnail","hentry","category-noticias","category-teste"],"_links":{"self":[{"href":"https:\/\/sindenfermeiro.com.br\/index.php\/wp-json\/wp\/v2\/posts\/2456","targetHints":{"allow":["GET"]}}],"collection":[{"href":"https:\/\/sindenfermeiro.com.br\/index.php\/wp-json\/wp\/v2\/posts"}],"about":[{"href":"https:\/\/sindenfermeiro.com.br\/index.php\/wp-json\/wp\/v2\/types\/post"}],"author":[{"embeddable":true,"href":"https:\/\/sindenfermeiro.com.br\/index.php\/wp-json\/wp\/v2\/users\/6"}],"replies":[{"embeddable":true,"href":"https:\/\/sindenfermeiro.com.br\/index.php\/wp-json\/wp\/v2\/comments?post=2456"}],"version-history":[{"count":1,"href":"https:\/\/sindenfermeiro.com.br\/index.php\/wp-json\/wp\/v2\/posts\/2456\/revisions"}],"predecessor-version":[{"id":29444,"href":"https:\/\/sindenfermeiro.com.br\/index.php\/wp-json\/wp\/v2\/posts\/2456\/revisions\/29444"}],"wp:featuredmedia":[{"embeddable":true,"href":"https:\/\/sindenfermeiro.com.br\/index.php\/wp-json\/"}],"wp:attachment":[{"href":"https:\/\/sindenfermeiro.com.br\/index.php\/wp-json\/wp\/v2\/media?parent=2456"}],"wp:term":[{"taxonomy":"category","embeddable":true,"href":"https:\/\/sindenfermeiro.com.br\/index.php\/wp-json\/wp\/v2\/categories?post=2456"},{"taxonomy":"post_tag","embeddable":true,"href":"https:\/\/sindenfermeiro.com.br\/index.php\/wp-json\/wp\/v2\/tags?post=2456"}],"curies":[{"name":"wp","href":"https:\/\/api.w.org\/{rel}","templated":true}]}}