{"id":2453,"date":"2018-03-19T20:07:53","date_gmt":"2018-03-19T20:07:53","guid":{"rendered":"http:\/\/www.sindenfermeiro.com.br\/?p=2453"},"modified":"2026-04-29T19:09:20","modified_gmt":"2026-04-29T22:09:20","slug":"nota-de-esclarecimento-imposto-sindical","status":"publish","type":"post","link":"https:\/\/sindenfermeiro.com.br\/index.php\/2018\/03\/19\/nota-de-esclarecimento-imposto-sindical\/","title":{"rendered":"NOTA DE ESCLARECIMENTO &#8211; IMPOSTO SINDICAL"},"content":{"rendered":"<p style=\"font-weight: 400\">O SINDSA\u00daDE\/DF apresentou, ao Superior Tribunal de Justi\u00e7a, Reclama\u00e7\u00e3o contra o Juiz da Segunda Vara da Fazenda P\u00fablica do Distrito Federal que havia suspendido, no dia 13\/03\/2018, o desconto das contribui\u00e7\u00f5es sindicais dos Enfermeiros e de todas as outras categorias que possuem representa\u00e7\u00e3o sindical pr\u00f3pria.<\/p>\n<p style=\"font-weight: 400\">A Reclama\u00e7\u00e3o foi apresentada pelo SINDSA\u00daDE\/DF no dia 15\/03\/2018 e ao final do dia 16\/03 (sexta-feira), obteve parcial liminar proferida pelo Ministro Mauro Campbell, e abaixo apresentada:<\/p>\n<p style=\"font-weight: 400\">\u201c Concedida em parte a medida liminar do Sindicato dos Empregados em Estabelecimento de Sa\u00fade de Bras\u00edlia SINDSA\u00daDE , nos termos do artigo 989, II, do CPC\/2015, para determinar que\u00a0<em><u>SEJA EFETUADO O REGULAR DESCONTO DA CONTRIBUI\u00c7\u00c3O SINDICAL COMPULS\u00d3RIA DE TODOS OS SERVIDORES DA SA\u00daDE DO DISTRITO FEDERAL (E N\u00c3O SOMENTE DOS FILIADOS AO RECLAMANTE) DO PER\u00cdODO ANUAL DE 2012 A 2017, devendo os valores dos filiados do reclamante serem a ele repassado e\u00a0OS DEMAIS DEVER\u00c3O FICAR DEPOSITADO \u00c1 DISPOSI\u00c7\u00c3O DO JU\u00cdZO DE PRIMEIRO GRAU, NO GUARDO DE DECIS\u00c3O DEFINITIVA DESTA RECLAMA\u00c7\u00c3O\u00a0&#8230;\u201d<\/u><\/em><\/p>\n<p style=\"font-weight: 400\">A decis\u00e3o liminar do STJ j\u00e1 foi encaminhada para conhecimento do GDF e ser\u00e1 publicada amanh\u00e3 dia 20\/03\/2018. A Nova medida afeta diretamente a decis\u00e3o que favorecia os Enfermeiros para que n\u00e3o descontasse a contribui\u00e7\u00e3o sindical.<\/p>\n<p style=\"font-weight: 400\">O SINDENFERMEIRO\/DF j\u00e1 mobilizou seu departamento jur\u00eddico e dedicar\u00e1 todos os seus esfor\u00e7os para que se restabele\u00e7a a decis\u00e3o da 1\u00aa Inst\u00e2ncia que havia suspendido os descontos.<\/p>\n<p style=\"font-weight: 400\">Considera ainda importante que a decis\u00e3o do STJ preservou as contribui\u00e7\u00f5es sindicais que ser\u00e3o descontadas dos enfermeiros, n\u00e3o as repassando ao SINDSA\u00daDE\/DF, ficando depositadas em conta judicial at\u00e9 decis\u00e3o final do processo.<\/p>\n<p style=\"font-weight: 400\">Atenciosamente,<\/p>\n<p>SindEnfermeiro\/DF<\/p>\n","protected":false},"excerpt":{"rendered":"<p>O SINDSA\u00daDE\/DF apresentou, ao Superior Tribunal de Justi\u00e7a, Reclama\u00e7\u00e3o contra o Juiz da Segunda Vara da Fazenda P\u00fablica do Distrito Federal que havia suspendido, no dia 13\/03\/2018, o desconto das contribui\u00e7\u00f5es sindicais dos Enfermeiros e de todas as outras categorias que possuem representa\u00e7\u00e3o sindical pr\u00f3pria. A Reclama\u00e7\u00e3o foi apresentada pelo SINDSA\u00daDE\/DF no dia 15\/03\/2018 e [&hellip;]<\/p>\n","protected":false},"author":6,"featured_media":2452,"comment_status":"closed","ping_status":"closed","sticky":false,"template":"","format":"standard","meta":{"footnotes":""},"categories":[6,2],"tags":[],"class_list":["post-2453","post","type-post","status-publish","format-standard","has-post-thumbnail","hentry","category-noticias","category-teste"],"_links":{"self":[{"href":"https:\/\/sindenfermeiro.com.br\/index.php\/wp-json\/wp\/v2\/posts\/2453","targetHints":{"allow":["GET"]}}],"collection":[{"href":"https:\/\/sindenfermeiro.com.br\/index.php\/wp-json\/wp\/v2\/posts"}],"about":[{"href":"https:\/\/sindenfermeiro.com.br\/index.php\/wp-json\/wp\/v2\/types\/post"}],"author":[{"embeddable":true,"href":"https:\/\/sindenfermeiro.com.br\/index.php\/wp-json\/wp\/v2\/users\/6"}],"replies":[{"embeddable":true,"href":"https:\/\/sindenfermeiro.com.br\/index.php\/wp-json\/wp\/v2\/comments?post=2453"}],"version-history":[{"count":1,"href":"https:\/\/sindenfermeiro.com.br\/index.php\/wp-json\/wp\/v2\/posts\/2453\/revisions"}],"predecessor-version":[{"id":29387,"href":"https:\/\/sindenfermeiro.com.br\/index.php\/wp-json\/wp\/v2\/posts\/2453\/revisions\/29387"}],"wp:featuredmedia":[{"embeddable":true,"href":"https:\/\/sindenfermeiro.com.br\/index.php\/wp-json\/"}],"wp:attachment":[{"href":"https:\/\/sindenfermeiro.com.br\/index.php\/wp-json\/wp\/v2\/media?parent=2453"}],"wp:term":[{"taxonomy":"category","embeddable":true,"href":"https:\/\/sindenfermeiro.com.br\/index.php\/wp-json\/wp\/v2\/categories?post=2453"},{"taxonomy":"post_tag","embeddable":true,"href":"https:\/\/sindenfermeiro.com.br\/index.php\/wp-json\/wp\/v2\/tags?post=2453"}],"curies":[{"name":"wp","href":"https:\/\/api.w.org\/{rel}","templated":true}]}}