{"id":2449,"date":"2018-03-16T21:01:45","date_gmt":"2018-03-16T21:01:45","guid":{"rendered":"http:\/\/www.sindenfermeiro.com.br\/?p=2449"},"modified":"2026-05-01T05:39:07","modified_gmt":"2026-05-01T08:39:07","slug":"errata-nota-de-esclarecimento-contribuicao-sindical","status":"publish","type":"post","link":"https:\/\/sindenfermeiro.com.br\/index.php\/2018\/03\/16\/errata-nota-de-esclarecimento-contribuicao-sindical\/","title":{"rendered":"ERRATA &#8211; NOTA DE ESCLARECIMENTO: CONTRIBUI\u00c7\u00c3O SINDICAL"},"content":{"rendered":"<p><img loading=\"lazy\" decoding=\"async\" class=\"aligncenter size-full wp-image-2432\" src=\"http:\/\/www.sindenfermeiro.com.br\/wp-content\/uploads\/2018\/03\/Nota-de-Eslarecimento.jpg\" alt=\"\" width=\"600\" height=\"600\" \/><\/p>\n<p>&nbsp;<\/p>\n<p>Em 2009 o SINDSA\u00daDE\/DF \u2013 Sindicato dos Empregados em Estabelecimentos de Servi\u00e7os de Sa\u00fade de Bras\u00edlia, ajuizou a\u00e7\u00e3o judicial de OBRIGA\u00c7\u00c3O DE FAZER, processo n\u00b0144.905-3\/2009 alegando ser representante de todos os servidores p\u00fablicos da Secretaria de sa\u00fade do Distrito Federal, requerendo o desconto do Imposto Sindical dos servidores p\u00fablicos da secretaria de sa\u00fade de 2010 a 2017, sete anos de trabalho.<\/p>\n<p>Ainda em 2014 o SINDSA\u00daDE tamb\u00e9m interp\u00f4s a\u00e7\u00e3o de conhecimento, em desfavor do Distrito Federal, SindEnfermeiro e outros sindicatos, pretendendo declara\u00e7\u00e3o do poder judici\u00e1rio de que as carreiras integradas pelos servidores de sa\u00fade p\u00fablico do Distrito Federal seja \u201cuma e indivis\u00edvel\u201d e que o SINDSA\u00daDE seria o representante exclusivo de todos os trabalhadores em sa\u00fade, a a\u00e7\u00e3o foi julgada IMPROCEDENTE. Na a\u00e7\u00e3o n\u00b0144.905-3\/2009 &#8220;propositalmente\u201d o SINDSA\u00daDE n\u00e3o discutiu a unicidade sindical, e na a\u00e7\u00e3o de 61601-6\/2014 n\u00e3o provou a unicidade sindical.<\/p>\n<p>Em fevereiro de 2018 o processo de 2009 foi transitado e julgado e encaminhado para cumprimento em primeira inst\u00e2ncia na Segunda Vara de Fazenda P\u00fablica do Distrito Federal determinando que a Secretaria de Sa\u00fade cumprisse o desconto da contribui\u00e7\u00e3o sindical de todos os servidores da SES em favor do SINDESA\u00daDE em decis\u00e3o interlocut\u00f3ria.<\/p>\n<p>Uma verdadeira luta foi travada, O SINDENFERMEIRO entrou com a\u00e7\u00f5es judiciais, e realizou in\u00fameras interven\u00e7\u00f5es administrativas com objetivo de impedir o desconto no contracheque dos trabalhadores. Em 08 de mar\u00e7o de 2018 \u00a0O SINDENFERMEIRO interp\u00f4s uma a\u00e7\u00e3o de TUTELA DE URG\u00caNCIA distribu\u00eddo por preven\u00e7\u00e3o ao processo n\u00b0 2009.01.1.144905-3, requerendo que a decis\u00e3o transitada em julgado que determina ao Distrito Federal cumprir , observe o direito do SINDENFERMEIRO previsto na legisla\u00e7\u00e3o p\u00e1tria e nas decis\u00f5es oriundas do processo n\u00b0 2014.01.1.061601-6, qual seja \u201cque a contribui\u00e7\u00e3o sindical se destina \u00e0 entidade que possua representatividade sobre a categoria profissional\u201d.<\/p>\n<p>Em 12 de mar\u00e7o de 2018, diante de decis\u00f5es aparentemente conflitantes, \u00a0o juiz da segunda Vara de Fazenda P\u00fablica do Distrito Federal, chama o \u201c feito a ordem\u201d , e na \u00a0fase de cumprimento de senten\u00e7a do processo n\u00b0 2009.01.1.144905-3, se relaciona com a decis\u00e3o judicial \u00a0proferida nos autos do processo 61601-6\/2014, e determina provid\u00eancias necess\u00e1rias para viabilizar o cumprimento da senten\u00e7a no processo 2009.01.1.144905-3, determinando que \u201c (&#8230;) dever\u00e1 a secretaria de sa\u00fade efetivar o desconto da contribui\u00e7\u00e3o sindical \u00a0da folha de pagamento de todos os servidores p\u00fablicos da \u00e1rea de sa\u00fade e, em seguida depositar em JU\u00cdZO a totalidade dos valores descontados(&#8230;) o referido desconto n\u00e3o abranger\u00e1 os servidores p\u00fablicos representados pelos seguintes sindicatos: (&#8230;) SINDICATO DOS ENFERMEIROS DO DISTRITO FEDERAL (&#8230;) Ao \u00a0SINDENFERMEIRO n\u00e3o haver\u00e1 qualquer desconto dos servidores p\u00fablicos da \u00e1rea de sa\u00fade a ele vinculados\u201d.<\/p>\n<p>Com a responsabilidade que o momento requer, o SINDENFERMEIRO continuar\u00e1 utilizando de todas as ferramentas judiciais e administrativas, afim de zelar pelo interesse de todos os enfermeiros do Distrito Federal.<\/p>\n<p>&nbsp;<\/p>\n<p>Atenciosamente,<\/p>\n<p><strong>SindEnfermeiro-DF <\/strong><\/p>\n","protected":false},"excerpt":{"rendered":"<p>&nbsp; Em 2009 o SINDSA\u00daDE\/DF \u2013 Sindicato dos Empregados em Estabelecimentos de Servi\u00e7os de Sa\u00fade de Bras\u00edlia, ajuizou a\u00e7\u00e3o judicial de OBRIGA\u00c7\u00c3O DE FAZER, processo n\u00b0144.905-3\/2009 alegando ser representante de todos os servidores p\u00fablicos da Secretaria de sa\u00fade do Distrito Federal, requerendo o desconto do Imposto Sindical dos servidores p\u00fablicos da secretaria de sa\u00fade de [&hellip;]<\/p>\n","protected":false},"author":6,"featured_media":2432,"comment_status":"closed","ping_status":"closed","sticky":false,"template":"","format":"standard","meta":{"footnotes":""},"categories":[6,2],"tags":[],"class_list":["post-2449","post","type-post","status-publish","format-standard","has-post-thumbnail","hentry","category-noticias","category-teste"],"_links":{"self":[{"href":"https:\/\/sindenfermeiro.com.br\/index.php\/wp-json\/wp\/v2\/posts\/2449","targetHints":{"allow":["GET"]}}],"collection":[{"href":"https:\/\/sindenfermeiro.com.br\/index.php\/wp-json\/wp\/v2\/posts"}],"about":[{"href":"https:\/\/sindenfermeiro.com.br\/index.php\/wp-json\/wp\/v2\/types\/post"}],"author":[{"embeddable":true,"href":"https:\/\/sindenfermeiro.com.br\/index.php\/wp-json\/wp\/v2\/users\/6"}],"replies":[{"embeddable":true,"href":"https:\/\/sindenfermeiro.com.br\/index.php\/wp-json\/wp\/v2\/comments?post=2449"}],"version-history":[{"count":1,"href":"https:\/\/sindenfermeiro.com.br\/index.php\/wp-json\/wp\/v2\/posts\/2449\/revisions"}],"predecessor-version":[{"id":31478,"href":"https:\/\/sindenfermeiro.com.br\/index.php\/wp-json\/wp\/v2\/posts\/2449\/revisions\/31478"}],"wp:featuredmedia":[{"embeddable":true,"href":"https:\/\/sindenfermeiro.com.br\/index.php\/wp-json\/"}],"wp:attachment":[{"href":"https:\/\/sindenfermeiro.com.br\/index.php\/wp-json\/wp\/v2\/media?parent=2449"}],"wp:term":[{"taxonomy":"category","embeddable":true,"href":"https:\/\/sindenfermeiro.com.br\/index.php\/wp-json\/wp\/v2\/categories?post=2449"},{"taxonomy":"post_tag","embeddable":true,"href":"https:\/\/sindenfermeiro.com.br\/index.php\/wp-json\/wp\/v2\/tags?post=2449"}],"curies":[{"name":"wp","href":"https:\/\/api.w.org\/{rel}","templated":true}]}}