{"id":2419,"date":"2018-03-16T16:51:58","date_gmt":"2018-03-16T16:51:58","guid":{"rendered":"http:\/\/www.sindenfermeiro.com.br\/?p=2419"},"modified":"2026-04-29T19:08:18","modified_gmt":"2026-04-29T22:08:18","slug":"2419","status":"publish","type":"post","link":"https:\/\/sindenfermeiro.com.br\/index.php\/2018\/03\/16\/2419\/","title":{"rendered":"CURSO: CUIDADOS COM A PELE &#8211; AVALIA\u00c7AO E PROPOSTA DE TRATAMENTO DE LES\u00d5ES"},"content":{"rendered":"<p><img loading=\"lazy\" decoding=\"async\" class=\"aligncenter size-full wp-image-2420\" src=\"http:\/\/www.sindenfermeiro.com.br\/wp-content\/uploads\/2018\/03\/unnamed.jpg\" alt=\"\" width=\"946\" height=\"298\" \/><\/p>\n<p>&nbsp;<\/p>\n<p><strong>CARGA HOR\u00c1RIA: 10 HORAS<\/strong><\/p>\n<p>&nbsp;<\/p>\n<p><strong>LOCAL DO CURSO:<\/strong> Audit\u00f3rio da ABEn Nacional \u2013 SGAN Quadra 603 Bloco B Av. L2 Norte<\/p>\n<p><strong>DATA:\u00a0<\/strong>28 de abril de 2018<\/p>\n<p><strong>HOR\u00c1RIO:<\/strong>\u00a008h00 \u00e0s 17h00<\/p>\n<p><strong>INFORMA\u00c7\u00d5ES:<\/strong>\u00a0SCN Quadra 01 Bloco F Sala 1315 &#8211; Ed. America Office Tower. 61-3328-7740<\/p>\n<p>Facilitadora:\u00a0\u00a0Enf. Esp. Lorenna Rodrigues de Souza.<br \/>\nBacharelado e Licenciatura em enfermagem pela Universidade Federal de Goi\u00e1s &#8211; UFGO (2003). Resid\u00eancia em enfermagem cir\u00fargica no HBDF (2005), forma\u00e7\u00e3o em enfermagem dermatol\u00f3gica com foco em tratamento de feridas (2007). Enfermeira assistencial em Unidade de Terapia Intensiva. Foi Coordenadora do Centro de Material e Esteriliza\u00e7\u00e3o do Hospital Regional de Santa Maria &#8211; DF. Atuou como docente nos cursos: gradua\u00e7\u00e3o em enfermagem do Centro Universit\u00e1rio Euro-Americano e FACESA &#8211; Faculdade Sena Aires; docente e coordenadora de est\u00e1gio UNIP &#8211; Universidade Paulista e docente no Curso T\u00e9cnico em Enfermagem do SENAC-DF, docente em cursos de p\u00f3s-gradua\u00e7\u00e3o e cursos preparat\u00f3rios para concurso. Foi diretora de Comunica\u00e7\u00e3o da Sobenfee-DF (Sociedade Brasileira de Enfermagem em Feridas e Est\u00e9tica). Atualmente servidora p\u00fablica na Secretaria de Sa\u00fade do Distrito Federal.<\/p>\n<p><strong>\u00a0<\/strong><\/p>\n<p><strong>Vagas limitadas!<\/strong><\/p>\n<p><strong>Ao final do Curso ser\u00e1 entregue o certificado.<\/strong><\/p>\n<p>&nbsp;<\/p>\n<p>Para efetiva\u00e7\u00e3o de sua inscri\u00e7\u00e3o \u00e9 necess\u00e1rio que siga os seguintes passos:<\/p>\n<p>Fazer o dep\u00f3sito em conta corrente<br \/>\nBRB \u2013 Ag. 208 C\/c: 603.100-3<br \/>\nBB \u2013 Ag 0452-9 C\/c: 407.316-9<\/p>\n<p><strong>INVESTIMENTO:<\/strong><\/p>\n<p>Associado: R$ 30,00<\/p>\n<p>N\u00e3o associado: R$\u00a060,00<\/p>\n<ul>\n<li>Preencher a\u00a0<a href=\"http:\/\/www.sindenfermeiro.com.br\/wp-content\/uploads\/2018\/03\/Ficha-de-Inscri\u00e7\u00e3o.docx\">Ficha de Inscri\u00e7\u00e3o.<\/a><\/li>\n<li>Enviar o comprovante de pagamento e a ficha de inscri\u00e7\u00e3o por e-mail:\u00a0<a href=\"mailto:abendf@aben-df.com.br\">abendf@aben-df.com.br<\/a><\/li>\n<\/ul>\n<p>Logo ap\u00f3s o recebimento enviaremos a confirma\u00e7\u00e3o de inscri\u00e7\u00e3o que ser\u00e1 necess\u00e1ria a apresenta\u00e7\u00e3o no dia do curso.<\/p>\n<p>Obs:\u00a0Lembrando que esse e-mail n\u00e3o garante sua vaga e se n\u00e3o recebermos em tempo corre o risco de n\u00e3o termos vagas.<\/p>\n<p>&nbsp;<\/p>\n","protected":false},"excerpt":{"rendered":"<p>&nbsp; CARGA HOR\u00c1RIA: 10 HORAS &nbsp; LOCAL DO CURSO: Audit\u00f3rio da ABEn Nacional \u2013 SGAN Quadra 603 Bloco B Av. L2 Norte DATA:\u00a028 de abril de 2018 HOR\u00c1RIO:\u00a008h00 \u00e0s 17h00 INFORMA\u00c7\u00d5ES:\u00a0SCN Quadra 01 Bloco F Sala 1315 &#8211; Ed. America Office Tower. 61-3328-7740 Facilitadora:\u00a0\u00a0Enf. Esp. Lorenna Rodrigues de Souza. Bacharelado e Licenciatura em enfermagem pela [&hellip;]<\/p>\n","protected":false},"author":6,"featured_media":2425,"comment_status":"closed","ping_status":"closed","sticky":false,"template":"","format":"standard","meta":{"footnotes":""},"categories":[6,2],"tags":[],"class_list":["post-2419","post","type-post","status-publish","format-standard","has-post-thumbnail","hentry","category-noticias","category-teste"],"_links":{"self":[{"href":"https:\/\/sindenfermeiro.com.br\/index.php\/wp-json\/wp\/v2\/posts\/2419","targetHints":{"allow":["GET"]}}],"collection":[{"href":"https:\/\/sindenfermeiro.com.br\/index.php\/wp-json\/wp\/v2\/posts"}],"about":[{"href":"https:\/\/sindenfermeiro.com.br\/index.php\/wp-json\/wp\/v2\/types\/post"}],"author":[{"embeddable":true,"href":"https:\/\/sindenfermeiro.com.br\/index.php\/wp-json\/wp\/v2\/users\/6"}],"replies":[{"embeddable":true,"href":"https:\/\/sindenfermeiro.com.br\/index.php\/wp-json\/wp\/v2\/comments?post=2419"}],"version-history":[{"count":1,"href":"https:\/\/sindenfermeiro.com.br\/index.php\/wp-json\/wp\/v2\/posts\/2419\/revisions"}],"predecessor-version":[{"id":29410,"href":"https:\/\/sindenfermeiro.com.br\/index.php\/wp-json\/wp\/v2\/posts\/2419\/revisions\/29410"}],"wp:featuredmedia":[{"embeddable":true,"href":"https:\/\/sindenfermeiro.com.br\/index.php\/wp-json\/"}],"wp:attachment":[{"href":"https:\/\/sindenfermeiro.com.br\/index.php\/wp-json\/wp\/v2\/media?parent=2419"}],"wp:term":[{"taxonomy":"category","embeddable":true,"href":"https:\/\/sindenfermeiro.com.br\/index.php\/wp-json\/wp\/v2\/categories?post=2419"},{"taxonomy":"post_tag","embeddable":true,"href":"https:\/\/sindenfermeiro.com.br\/index.php\/wp-json\/wp\/v2\/tags?post=2419"}],"curies":[{"name":"wp","href":"https:\/\/api.w.org\/{rel}","templated":true}]}}