{"id":2411,"date":"2018-03-15T13:49:09","date_gmt":"2018-03-15T13:49:09","guid":{"rendered":"http:\/\/www.sindenfermeiro.com.br\/?p=2411"},"modified":"2026-04-29T19:09:35","modified_gmt":"2026-04-29T22:09:35","slug":"transmissao-ao-vivo-hoje-imposto-sindical","status":"publish","type":"post","link":"https:\/\/sindenfermeiro.com.br\/index.php\/2018\/03\/15\/transmissao-ao-vivo-hoje-imposto-sindical\/","title":{"rendered":"TRANSMISS\u00c3O AO VIVO HOJE &#8211; IMPOSTO SINDICAL"},"content":{"rendered":"<p><strong>[LIVE]<\/strong><\/p>\n<p><strong>[ IMPOSTO SINDICAL ]<\/strong><\/p>\n<p>Hoje (15\/03), \u00e0s 17 horas, Dayse Amar\u00edlio (presidente SindEnfermeiro\/DF) e seu convidado Dr. Henrique (advogado), esclarecer\u00e1 todas as d\u00favidas sobre o IMPOSTO SINDICAL em uma transmiss\u00e3o ao vivo no Facebook.<\/p>\n<p><strong>N\u00e3o perca!<\/strong><\/p>\n<p><strong>Link da nossa p\u00e1gina:<\/strong><br \/>\nhttps:\/\/web.facebook.com\/sindenfermeirodf\/?hc_ref=ARTmZ7Q7sHgpjCDTkK7wHvlORxKAgVDKfIMm-iGzkmnaTa036H6hGuM2eLAaQvP7zfM&#038;fref=nf<\/p>\n<p><strong>Facebook:<\/strong> @sindenfermeirodf<\/p>\n","protected":false},"excerpt":{"rendered":"<p>[LIVE] [ IMPOSTO SINDICAL ] Hoje (15\/03), \u00e0s 17 horas, Dayse Amar\u00edlio (presidente SindEnfermeiro\/DF) e seu convidado Dr. Henrique (advogado), esclarecer\u00e1 todas as d\u00favidas sobre o IMPOSTO SINDICAL em uma transmiss\u00e3o ao vivo no Facebook. N\u00e3o perca! Link da nossa p\u00e1gina: https:\/\/web.facebook.com\/sindenfermeirodf\/?hc_ref=ARTmZ7Q7sHgpjCDTkK7wHvlORxKAgVDKfIMm-iGzkmnaTa036H6hGuM2eLAaQvP7zfM&#038;fref=nf Facebook: @sindenfermeirodf<\/p>\n","protected":false},"author":6,"featured_media":2412,"comment_status":"closed","ping_status":"closed","sticky":false,"template":"","format":"standard","meta":{"footnotes":""},"categories":[6,2],"tags":[],"class_list":["post-2411","post","type-post","status-publish","format-standard","has-post-thumbnail","hentry","category-noticias","category-teste"],"_links":{"self":[{"href":"https:\/\/sindenfermeiro.com.br\/index.php\/wp-json\/wp\/v2\/posts\/2411","targetHints":{"allow":["GET"]}}],"collection":[{"href":"https:\/\/sindenfermeiro.com.br\/index.php\/wp-json\/wp\/v2\/posts"}],"about":[{"href":"https:\/\/sindenfermeiro.com.br\/index.php\/wp-json\/wp\/v2\/types\/post"}],"author":[{"embeddable":true,"href":"https:\/\/sindenfermeiro.com.br\/index.php\/wp-json\/wp\/v2\/users\/6"}],"replies":[{"embeddable":true,"href":"https:\/\/sindenfermeiro.com.br\/index.php\/wp-json\/wp\/v2\/comments?post=2411"}],"version-history":[{"count":1,"href":"https:\/\/sindenfermeiro.com.br\/index.php\/wp-json\/wp\/v2\/posts\/2411\/revisions"}],"predecessor-version":[{"id":37406,"href":"https:\/\/sindenfermeiro.com.br\/index.php\/wp-json\/wp\/v2\/posts\/2411\/revisions\/37406"}],"wp:featuredmedia":[{"embeddable":true,"href":"https:\/\/sindenfermeiro.com.br\/index.php\/wp-json\/"}],"wp:attachment":[{"href":"https:\/\/sindenfermeiro.com.br\/index.php\/wp-json\/wp\/v2\/media?parent=2411"}],"wp:term":[{"taxonomy":"category","embeddable":true,"href":"https:\/\/sindenfermeiro.com.br\/index.php\/wp-json\/wp\/v2\/categories?post=2411"},{"taxonomy":"post_tag","embeddable":true,"href":"https:\/\/sindenfermeiro.com.br\/index.php\/wp-json\/wp\/v2\/tags?post=2411"}],"curies":[{"name":"wp","href":"https:\/\/api.w.org\/{rel}","templated":true}]}}