{"id":2392,"date":"2018-03-14T20:31:29","date_gmt":"2018-03-14T20:31:29","guid":{"rendered":"http:\/\/www.sindenfermeiro.com.br\/?p=2392"},"modified":"2026-04-26T13:50:00","modified_gmt":"2026-04-26T16:50:00","slug":"apos-ato-rollemberg-anuncia-cronograma-de-nomeacoes","status":"publish","type":"post","link":"https:\/\/sindenfermeiro.com.br\/index.php\/2018\/03\/14\/apos-ato-rollemberg-anuncia-cronograma-de-nomeacoes\/","title":{"rendered":"AP\u00d3S ATO, ROLLEMBERG ANUNCIA CRONOGRAMA DE NOMEA\u00c7\u00d5ES"},"content":{"rendered":"<p dir=\"ltr\"><em><strong>Depois da manifesta\u00e7\u00e3o em frente o Pal\u00e1cio do Buriti, governador afirmou que 1485 aprovados no concurso da SES ser\u00e3o nomeados<\/strong><\/em><\/p>\n<p dir=\"ltr\">Por: Marcelo Tobias<\/p>\n<p dir=\"ltr\"><img loading=\"lazy\" decoding=\"async\" class=\"aligncenter size-full wp-image-2393\" src=\"http:\/\/www.sindenfermeiro.com.br\/wp-content\/uploads\/2018\/03\/Enfermagem-.jpg\" alt=\"\" width=\"3984\" height=\"2656\" \/><\/p>\n<p dir=\"ltr\">Nesta quarta-feira (14), o SindEnfermeiro juntamente com a comiss\u00e3o de aprovados no concurso da Secretaria de Sa\u00fade do DF (SES-DF) fizeram um ato em frente ao Pal\u00e1cio do Buriti. A inten\u00e7\u00e3o era cobrar do governo a nomea\u00e7\u00e3o dos profissionais aprovados. Estiveram presentes na manifesta\u00e7\u00e3o o deputado bispo Renato Andrade (PR) al\u00e9m de \u00a0conselhos de classes e outros sindicatos e no final do ato, o deputado Wasny de Roure (PT).<b><\/b><\/p>\n<p dir=\"ltr\">Os envolvidos no ato foram recebidos pelo chefe da Casa Civil, S\u00e9rgio Sampaio, que afirmou tratar a sa\u00fade no DF como prioridade. &#8220;A \u00a0prioridade absoluta da gente \u00e9 a sa\u00fade, todas as outras \u00e1reas est\u00e3o em uma fila e a sa\u00fade tem passagem direta nela. A sa\u00fade ter\u00e1 um tratamento priorit\u00e1rio, faremos as nomea\u00e7\u00f5es necess\u00e1rias&#8221;, afirmou.<b><\/b><\/p>\n<p><strong>PROJETOS GARANTEM A NOMEA\u00c7\u00c3O<\/strong><\/p>\n<p dir=\"ltr\">No in\u00edcio do ano, o SindEnfermeiro lutou para garantir na C\u00e2mara Legislativa (CLDF), a nomea\u00e7\u00e3o de 200 enfermeiros, para 2018. A emenda 1, de autoria do deputado bispo Renato Andrade (PR), que garantia as convoca\u00e7\u00f5es faz parte do Projeto de Lei 1885\/2018, que destina R$ 123,5 milh\u00f5es \u00e0 nomea\u00e7\u00e3o de concursados.\u00a0 J\u00e1 o Projeto de Lei enviado pelo Executivo garante cerca de 103 milh\u00f5es para nomea\u00e7\u00f5es de diversas categorias, entre elas tamb\u00e9m os enfermeiros.<b><\/b><\/p>\n<p dir=\"ltr\">Para presidente do Sindicato dos Enfermeiros, Dayse Amar\u00edlio, o dinheiro previsto no PL 1885\/2018 &#8211; mais de R$ 14 milh\u00f5es &#8211; para a nomea\u00e7\u00e3o de 200 enfermeiros, deveria ser usado para tal finalidade. &#8220;N\u00f3s queremos que al\u00e9m desses 200, a programa\u00e7\u00e3o do projeto de lei que foi enviado, cerca de 103 milh\u00f5es, inclua o restante dos enfermeiros que est\u00e3o dentro da Lei de Diretrizes Or\u00e7ament\u00e1rias e Lei Or\u00e7ament\u00e1ria Anual \u00a0para que alcancem os 500, o que ainda est\u00e1 muito abaixo de d\u00e9ficit de enfermeiros na rede toda. Qual o impacto disso? Total precariza\u00e7\u00e3o da sa\u00fade&#8221;, disse Dayse.<b><\/b><\/p>\n<p dir=\"ltr\">O subsecret\u00e1rio M\u00e1rcio Ximenes, apoiou a proposta dos sindicatos e se prop\u00f4s a mediar reuni\u00f5es com n\u00facleo de pessoas da Secretaria de Sa\u00fade, para que juntos possamos cruzar informa\u00e7\u00f5es sobre os aspectos t\u00e9cnicos. O grupo segue mobilizado com estrat\u00e9gias conjuntas, esperando que at\u00e9 os pr\u00f3ximos dias, o chefe da Casa Civil entregue o cronograma com as datas das nomea\u00e7\u00f5es.<b><\/b><\/p>\n<p><strong>NOMEA\u00c7\u00d5ES PARA MAR\u00c7O<\/strong><\/p>\n<p dir=\"ltr\">Ap\u00f3s o ato em frente ao Pal\u00e1cio do Buriti o governador, Rodrigo Rollemberg, fez uma live em sua p\u00e1gina no Facebook, e afirmou que 1485 aprovados no concurso da SES-DF ser\u00e3o nomeados. Desse total, 256 enfermeiros ser\u00e3o convocados.<\/p>\n<p dir=\"ltr\"><strong>CONFIRA AS IMAGENS:\u00a0<\/strong><\/p>\n<p><img loading=\"lazy\" decoding=\"async\" class=\"aligncenter size-full wp-image-2395\" src=\"http:\/\/www.sindenfermeiro.com.br\/wp-content\/uploads\/2018\/03\/MG_5291.jpg\" alt=\"\" width=\"3984\" height=\"2656\" \/><\/p>\n<p><img loading=\"lazy\" decoding=\"async\" class=\"aligncenter size-full wp-image-2396\" src=\"http:\/\/www.sindenfermeiro.com.br\/wp-content\/uploads\/2018\/03\/Sem-T\u00edtulo-1.jpg\" alt=\"\" width=\"1767\" height=\"945\" \/><\/p>\n<p><img loading=\"lazy\" decoding=\"async\" class=\"aligncenter size-full wp-image-2401\" src=\"http:\/\/www.sindenfermeiro.com.br\/wp-content\/uploads\/2018\/03\/MG_5384.jpg\" alt=\"\" width=\"3984\" height=\"2656\" \/><\/p>\n<p><img loading=\"lazy\" decoding=\"async\" class=\"aligncenter size-full wp-image-2400\" src=\"http:\/\/www.sindenfermeiro.com.br\/wp-content\/uploads\/2018\/03\/MG_5374.jpg\" alt=\"\" width=\"3984\" height=\"2656\" \/> <img loading=\"lazy\" decoding=\"async\" class=\"aligncenter size-full wp-image-2399\" src=\"http:\/\/www.sindenfermeiro.com.br\/wp-content\/uploads\/2018\/03\/MG_5345.jpg\" alt=\"\" width=\"3984\" height=\"2656\" \/><\/p>\n<p><img loading=\"lazy\" decoding=\"async\" class=\"aligncenter size-full wp-image-2402\" src=\"http:\/\/www.sindenfermeiro.com.br\/wp-content\/uploads\/2018\/03\/MG_5157.jpg\" alt=\"\" width=\"3984\" height=\"2656\" \/><\/p>\n<p><img loading=\"lazy\" decoding=\"async\" class=\"aligncenter size-full wp-image-2403\" src=\"http:\/\/www.sindenfermeiro.com.br\/wp-content\/uploads\/2018\/03\/MG_5178.jpg\" alt=\"\" width=\"3984\" height=\"2656\" \/><\/p>\n<p><img loading=\"lazy\" decoding=\"async\" class=\"aligncenter size-full wp-image-2404\" src=\"http:\/\/www.sindenfermeiro.com.br\/wp-content\/uploads\/2018\/03\/MG_5299.jpg\" alt=\"\" width=\"3984\" height=\"2656\" \/><\/p>\n","protected":false},"excerpt":{"rendered":"<p>Depois da manifesta\u00e7\u00e3o em frente o Pal\u00e1cio do Buriti, governador afirmou que 1485 aprovados no concurso da SES ser\u00e3o nomeados Por: Marcelo Tobias Nesta quarta-feira (14), o SindEnfermeiro juntamente com a comiss\u00e3o de aprovados no concurso da Secretaria de Sa\u00fade do DF (SES-DF) fizeram um ato em frente ao Pal\u00e1cio do Buriti. A inten\u00e7\u00e3o era [&hellip;]<\/p>\n","protected":false},"author":6,"featured_media":2393,"comment_status":"closed","ping_status":"closed","sticky":false,"template":"","format":"standard","meta":{"footnotes":""},"categories":[5,2],"tags":[],"class_list":["post-2392","post","type-post","status-publish","format-standard","has-post-thumbnail","hentry","category-rede-publica","category-teste"],"_links":{"self":[{"href":"https:\/\/sindenfermeiro.com.br\/index.php\/wp-json\/wp\/v2\/posts\/2392","targetHints":{"allow":["GET"]}}],"collection":[{"href":"https:\/\/sindenfermeiro.com.br\/index.php\/wp-json\/wp\/v2\/posts"}],"about":[{"href":"https:\/\/sindenfermeiro.com.br\/index.php\/wp-json\/wp\/v2\/types\/post"}],"author":[{"embeddable":true,"href":"https:\/\/sindenfermeiro.com.br\/index.php\/wp-json\/wp\/v2\/users\/6"}],"replies":[{"embeddable":true,"href":"https:\/\/sindenfermeiro.com.br\/index.php\/wp-json\/wp\/v2\/comments?post=2392"}],"version-history":[{"count":1,"href":"https:\/\/sindenfermeiro.com.br\/index.php\/wp-json\/wp\/v2\/posts\/2392\/revisions"}],"predecessor-version":[{"id":36782,"href":"https:\/\/sindenfermeiro.com.br\/index.php\/wp-json\/wp\/v2\/posts\/2392\/revisions\/36782"}],"wp:featuredmedia":[{"embeddable":true,"href":"https:\/\/sindenfermeiro.com.br\/index.php\/wp-json\/"}],"wp:attachment":[{"href":"https:\/\/sindenfermeiro.com.br\/index.php\/wp-json\/wp\/v2\/media?parent=2392"}],"wp:term":[{"taxonomy":"category","embeddable":true,"href":"https:\/\/sindenfermeiro.com.br\/index.php\/wp-json\/wp\/v2\/categories?post=2392"},{"taxonomy":"post_tag","embeddable":true,"href":"https:\/\/sindenfermeiro.com.br\/index.php\/wp-json\/wp\/v2\/tags?post=2392"}],"curies":[{"name":"wp","href":"https:\/\/api.w.org\/{rel}","templated":true}]}}