{"id":2378,"date":"2018-03-13T17:59:29","date_gmt":"2018-03-13T17:59:29","guid":{"rendered":"http:\/\/www.sindenfermeiro.com.br\/?p=2378"},"modified":"2026-04-29T19:09:35","modified_gmt":"2026-04-29T22:09:35","slug":"sindenfermeiro-df-pressionara-tcdf-para-manutencao-das-18-horas","status":"publish","type":"post","link":"https:\/\/sindenfermeiro.com.br\/index.php\/2018\/03\/13\/sindenfermeiro-df-pressionara-tcdf-para-manutencao-das-18-horas\/","title":{"rendered":"SINDENFERMEIRO-DF PRESSIONAR\u00c1 TCDF PARA MANUTEN\u00c7\u00c3O DAS 18 HORAS"},"content":{"rendered":"<p>&nbsp;<\/p>\n<p><img loading=\"lazy\" decoding=\"async\" class=\"aligncenter size-full wp-image-2379\" src=\"http:\/\/www.sindenfermeiro.com.br\/wp-content\/uploads\/2018\/03\/29133240_2093083377375285_7496952276586594304_n.jpg\" alt=\"\" width=\"960\" height=\"720\" \/><\/p>\n<p dir=\"ltr\">Na \u00faltima segunda-feira (12), o Sindicato dos Enfermeiros do Distrito Federal juntamente com sua equipe jur\u00eddica e representantes do Sindicato dos Auxiliares e T\u00e9cnicos em Enfermagem do Distrito Federal \u00a0(SINDATE-DF) estiveram presentes na Assessoria de Gest\u00e3o Participativa e Rela\u00e7\u00f5es Institucionais (ARINS), da Secretaria de Sa\u00fade (SES-DF), empenhados em buscar uma solu\u00e7\u00e3o frente ao parecer do TCDF que versa sobre a irregularidade da carga hor\u00e1ria de 18 horas.<\/p>\n<div>\n<p dir=\"ltr\">Caso as 18 horas sejam realmente proibidas, ser\u00e3o afetados <b><\/b>o fechamento de escalas e profissionais que tem duplo v\u00ednculo, o que pode ocasionar em muitos pedidos exonera\u00e7\u00e3o, c<span id=\"m_6754608101617925605m_-6794079203606271143m_-2858446969024311410m_6728116804919019455gmail-m_1111402627316282837gmail-docs-internal-guid-a2ff25dd-202f-f3c5-451e-f00abcef9897\">onsiderando que hoje existe uma grande d\u00e9ficit\u00a0de profissionais na Secretaria de Sa\u00fade, isso piorar\u00e1 <\/span>ainda mais as condi\u00e7\u00f5es de trabalho e a assist\u00eancia aos cidad\u00e3os.<\/p>\n<\/div>\n<div>\n<p dir=\"ltr\">O Sindicato dos Enfermeiros est\u00e1 empenhado para manter a jornada de 18 horas e n\u00e3o medir\u00e1 esfor\u00e7os para defender os trabalhadores da enfermagem. Al\u00e9m disso, recorrer\u00e1 em todas as inst\u00e2ncias poss\u00edveis para barrar esse tipo de decis\u00e3o. Lutaremos sempre por nossa categoria, e estaremos juntos pelo bem da sa\u00fade da popula\u00e7\u00e3o.<\/p>\n<\/div>\n<p><strong>Lei a<\/strong> <a href=\"http:\/\/www.sindenfermeiro.com.br\/wp-content\/uploads\/2018\/03\/DECIS\u00c3O_JORNADA-18-HORAS.pdf\">DECIS\u00c3O N\u00ba 659\/2018\u00a0<\/a><\/p>\n<p>&nbsp;<\/p>\n","protected":false},"excerpt":{"rendered":"<p>&nbsp; Na \u00faltima segunda-feira (12), o Sindicato dos Enfermeiros do Distrito Federal juntamente com sua equipe jur\u00eddica e representantes do Sindicato dos Auxiliares e T\u00e9cnicos em Enfermagem do Distrito Federal \u00a0(SINDATE-DF) estiveram presentes na Assessoria de Gest\u00e3o Participativa e Rela\u00e7\u00f5es Institucionais (ARINS), da Secretaria de Sa\u00fade (SES-DF), empenhados em buscar uma solu\u00e7\u00e3o frente ao parecer [&hellip;]<\/p>\n","protected":false},"author":6,"featured_media":2379,"comment_status":"closed","ping_status":"closed","sticky":false,"template":"","format":"standard","meta":{"footnotes":""},"categories":[6,2],"tags":[],"class_list":["post-2378","post","type-post","status-publish","format-standard","has-post-thumbnail","hentry","category-noticias","category-teste"],"_links":{"self":[{"href":"https:\/\/sindenfermeiro.com.br\/index.php\/wp-json\/wp\/v2\/posts\/2378","targetHints":{"allow":["GET"]}}],"collection":[{"href":"https:\/\/sindenfermeiro.com.br\/index.php\/wp-json\/wp\/v2\/posts"}],"about":[{"href":"https:\/\/sindenfermeiro.com.br\/index.php\/wp-json\/wp\/v2\/types\/post"}],"author":[{"embeddable":true,"href":"https:\/\/sindenfermeiro.com.br\/index.php\/wp-json\/wp\/v2\/users\/6"}],"replies":[{"embeddable":true,"href":"https:\/\/sindenfermeiro.com.br\/index.php\/wp-json\/wp\/v2\/comments?post=2378"}],"version-history":[{"count":1,"href":"https:\/\/sindenfermeiro.com.br\/index.php\/wp-json\/wp\/v2\/posts\/2378\/revisions"}],"predecessor-version":[{"id":28675,"href":"https:\/\/sindenfermeiro.com.br\/index.php\/wp-json\/wp\/v2\/posts\/2378\/revisions\/28675"}],"wp:featuredmedia":[{"embeddable":true,"href":"https:\/\/sindenfermeiro.com.br\/index.php\/wp-json\/"}],"wp:attachment":[{"href":"https:\/\/sindenfermeiro.com.br\/index.php\/wp-json\/wp\/v2\/media?parent=2378"}],"wp:term":[{"taxonomy":"category","embeddable":true,"href":"https:\/\/sindenfermeiro.com.br\/index.php\/wp-json\/wp\/v2\/categories?post=2378"},{"taxonomy":"post_tag","embeddable":true,"href":"https:\/\/sindenfermeiro.com.br\/index.php\/wp-json\/wp\/v2\/tags?post=2378"}],"curies":[{"name":"wp","href":"https:\/\/api.w.org\/{rel}","templated":true}]}}