{"id":2376,"date":"2018-03-12T20:40:20","date_gmt":"2018-03-12T20:40:20","guid":{"rendered":"http:\/\/www.sindenfermeiro.com.br\/?p=2376"},"modified":"2026-04-29T19:08:48","modified_gmt":"2026-04-29T22:08:48","slug":"assembleia-geral-extraordinaria-3","status":"publish","type":"post","link":"https:\/\/sindenfermeiro.com.br\/index.php\/2018\/03\/12\/assembleia-geral-extraordinaria-3\/","title":{"rendered":"\u00a0ASSEMBLEIA GERAL EXTRAORDIN\u00c1RIA\u00a0"},"content":{"rendered":"<p>Aten\u00e7\u00e3o enfermeiras e enfermeiros do Distrito Federal! &#x1f469;&#x200d;&#x2695;&#xfe0f;\u00a0&#x1f468;&#x200d;&#x2695;&#xfe0f;<\/p>\n<p>No dia 28 de MAR\u00c7O, \u00e0s 16h, o SindEnfermeiro realiza Assembleia Geral Extraordin\u00e1ria, no Clube da Sa\u00fade.<\/p>\n<p><strong>Pauta: Desconto de Imposto Sindical, entre outros assuntos.<\/strong><\/p>\n<p>\u00c9 muito importante para n\u00f3s e para categoria sua participa\u00e7\u00e3o.<\/p>\n<p>Esperamos por todos voc\u00eas!<\/p>\n<p>Participe!<\/p>\n<p>&nbsp;<\/p>\n<p>&#8212;<\/p>\n<p><strong>HOR\u00c1RIO:<\/strong><\/p>\n<p>1\u00b0 Chamada &#8211;\u00a0 16h:00<\/p>\n<p>2\u00b0 Chamada &#8211; 16h:30<\/p>\n<p>&nbsp;<\/p>\n<p><strong>ENDERE\u00c7O: <\/strong>Clube da Sa\u00fade &#8211; SGAP, Lote G, \u00c1rea Especial,<\/p>\n<p>s\/n &#8211; Guar\u00e1, DF.<\/p>\n<p>&nbsp;<\/p>\n<p><strong>MAIORES INFORMA\u00c7\u00d5ES:<\/strong><\/p>\n<p>CONTATO: (61) 3273-0307 | 3349-8233<\/p>\n<p>#Acreditar no Futuro \u00e9 Trabalhar pelo Presente<\/p>\n<p>&nbsp;<\/p>\n<p>&nbsp;<\/p>\n<p><img loading=\"lazy\" decoding=\"async\" class=\"aligncenter size-full wp-image-2375\" src=\"http:\/\/www.sindenfermeiro.com.br\/wp-content\/uploads\/2018\/03\/ASSEMBLEIA.jpg\" alt=\"\" width=\"865\" height=\"853\" \/><\/p>\n<p>&nbsp;<\/p>\n<p>&nbsp;<\/p>\n<p>&nbsp;<\/p>\n","protected":false},"excerpt":{"rendered":"<p>Aten\u00e7\u00e3o enfermeiras e enfermeiros do Distrito Federal! &#x1f469;&#x200d;&#x2695;&#xfe0f;\u00a0&#x1f468;&#x200d;&#x2695;&#xfe0f; No dia 28 de MAR\u00c7O, \u00e0s 16h, o SindEnfermeiro realiza Assembleia Geral Extraordin\u00e1ria, no Clube da Sa\u00fade. Pauta: Desconto de Imposto Sindical, entre outros assuntos. \u00c9 muito importante para n\u00f3s e para categoria sua participa\u00e7\u00e3o. Esperamos por todos voc\u00eas! Participe! &nbsp; &#8212; HOR\u00c1RIO: 1\u00b0 Chamada &#8211;\u00a0 16h:00 [&hellip;]<\/p>\n","protected":false},"author":6,"featured_media":2375,"comment_status":"closed","ping_status":"closed","sticky":false,"template":"","format":"standard","meta":{"footnotes":""},"categories":[6,2],"tags":[],"class_list":["post-2376","post","type-post","status-publish","format-standard","has-post-thumbnail","hentry","category-noticias","category-teste"],"_links":{"self":[{"href":"https:\/\/sindenfermeiro.com.br\/index.php\/wp-json\/wp\/v2\/posts\/2376","targetHints":{"allow":["GET"]}}],"collection":[{"href":"https:\/\/sindenfermeiro.com.br\/index.php\/wp-json\/wp\/v2\/posts"}],"about":[{"href":"https:\/\/sindenfermeiro.com.br\/index.php\/wp-json\/wp\/v2\/types\/post"}],"author":[{"embeddable":true,"href":"https:\/\/sindenfermeiro.com.br\/index.php\/wp-json\/wp\/v2\/users\/6"}],"replies":[{"embeddable":true,"href":"https:\/\/sindenfermeiro.com.br\/index.php\/wp-json\/wp\/v2\/comments?post=2376"}],"version-history":[{"count":1,"href":"https:\/\/sindenfermeiro.com.br\/index.php\/wp-json\/wp\/v2\/posts\/2376\/revisions"}],"predecessor-version":[{"id":33029,"href":"https:\/\/sindenfermeiro.com.br\/index.php\/wp-json\/wp\/v2\/posts\/2376\/revisions\/33029"}],"wp:featuredmedia":[{"embeddable":true,"href":"https:\/\/sindenfermeiro.com.br\/index.php\/wp-json\/"}],"wp:attachment":[{"href":"https:\/\/sindenfermeiro.com.br\/index.php\/wp-json\/wp\/v2\/media?parent=2376"}],"wp:term":[{"taxonomy":"category","embeddable":true,"href":"https:\/\/sindenfermeiro.com.br\/index.php\/wp-json\/wp\/v2\/categories?post=2376"},{"taxonomy":"post_tag","embeddable":true,"href":"https:\/\/sindenfermeiro.com.br\/index.php\/wp-json\/wp\/v2\/tags?post=2376"}],"curies":[{"name":"wp","href":"https:\/\/api.w.org\/{rel}","templated":true}]}}