{"id":2363,"date":"2018-03-12T18:48:14","date_gmt":"2018-03-12T18:48:14","guid":{"rendered":"http:\/\/www.sindenfermeiro.com.br\/?p=2363"},"modified":"2026-04-26T13:00:16","modified_gmt":"2026-04-26T16:00:16","slug":"fuenf-planeja-visitas-em-hospitais-da-rede-privada-que-nao-obedecem-a-lei-do-repouso","status":"publish","type":"post","link":"https:\/\/sindenfermeiro.com.br\/index.php\/2018\/03\/12\/fuenf-planeja-visitas-em-hospitais-da-rede-privada-que-nao-obedecem-a-lei-do-repouso\/","title":{"rendered":"FUenf planeja visitas em hospitais da rede privada que n\u00e3o obedecem a Lei do Repouso"},"content":{"rendered":"<p><img loading=\"lazy\" decoding=\"async\" class=\"aligncenter size-full wp-image-2364\" src=\"http:\/\/www.sindenfermeiro.com.br\/wp-content\/uploads\/2018\/03\/WhatsApp-Image-2018-03-12-at-09.20.49-1.jpeg\" alt=\"\" width=\"852\" height=\"640\" \/><\/p>\n<p>Por: Marcelo Tobias<\/p>\n<p>Na \u00faltima sexta-feira (09), os \u00f3rg\u00e3os que comp\u00f5e a Frente \u00danica da Enfermagem (FUEnf) reuniram-se na sede do COREN-DF, para planejar visitas de fiscaliza\u00e7\u00e3o a respeito de den\u00fancias do n\u00e3o cumprimento da Lei do Repouso por parte da rede privada.<\/p>\n<p>A Lei 1.147\/2016, foi aprovada no ano passado e entrou em vigor em janeiro e obriga institui\u00e7\u00f5es de sa\u00fade (p\u00fablicas e privadas), a oferecerem ambientes adequados para o Descanso de profissionais da enfermagem, no Distrito Federal.<\/p>\n<p>As visitas t\u00eam fun\u00e7\u00e3o educativa e de esclarecer d\u00favidas desses estabelecimentos, al\u00e9m de propor estrat\u00e9gias e parcerias para garantir o bem-estar dos enfermeiros que trabalham nesses hospitais.<\/p>\n","protected":false},"excerpt":{"rendered":"<p>Por: Marcelo Tobias Na \u00faltima sexta-feira (09), os \u00f3rg\u00e3os que comp\u00f5e a Frente \u00danica da Enfermagem (FUEnf) reuniram-se na sede do COREN-DF, para planejar visitas de fiscaliza\u00e7\u00e3o a respeito de den\u00fancias do n\u00e3o cumprimento da Lei do Repouso por parte da rede privada. A Lei 1.147\/2016, foi aprovada no ano passado e entrou em vigor [&hellip;]<\/p>\n","protected":false},"author":6,"featured_media":2364,"comment_status":"closed","ping_status":"closed","sticky":false,"template":"","format":"standard","meta":{"footnotes":""},"categories":[13,2],"tags":[],"class_list":["post-2363","post","type-post","status-publish","format-standard","has-post-thumbnail","hentry","category-rede-privada","category-teste"],"_links":{"self":[{"href":"https:\/\/sindenfermeiro.com.br\/index.php\/wp-json\/wp\/v2\/posts\/2363","targetHints":{"allow":["GET"]}}],"collection":[{"href":"https:\/\/sindenfermeiro.com.br\/index.php\/wp-json\/wp\/v2\/posts"}],"about":[{"href":"https:\/\/sindenfermeiro.com.br\/index.php\/wp-json\/wp\/v2\/types\/post"}],"author":[{"embeddable":true,"href":"https:\/\/sindenfermeiro.com.br\/index.php\/wp-json\/wp\/v2\/users\/6"}],"replies":[{"embeddable":true,"href":"https:\/\/sindenfermeiro.com.br\/index.php\/wp-json\/wp\/v2\/comments?post=2363"}],"version-history":[{"count":1,"href":"https:\/\/sindenfermeiro.com.br\/index.php\/wp-json\/wp\/v2\/posts\/2363\/revisions"}],"predecessor-version":[{"id":37152,"href":"https:\/\/sindenfermeiro.com.br\/index.php\/wp-json\/wp\/v2\/posts\/2363\/revisions\/37152"}],"wp:featuredmedia":[{"embeddable":true,"href":"https:\/\/sindenfermeiro.com.br\/index.php\/wp-json\/"}],"wp:attachment":[{"href":"https:\/\/sindenfermeiro.com.br\/index.php\/wp-json\/wp\/v2\/media?parent=2363"}],"wp:term":[{"taxonomy":"category","embeddable":true,"href":"https:\/\/sindenfermeiro.com.br\/index.php\/wp-json\/wp\/v2\/categories?post=2363"},{"taxonomy":"post_tag","embeddable":true,"href":"https:\/\/sindenfermeiro.com.br\/index.php\/wp-json\/wp\/v2\/tags?post=2363"}],"curies":[{"name":"wp","href":"https:\/\/api.w.org\/{rel}","templated":true}]}}