{"id":2355,"date":"2018-03-12T14:18:00","date_gmt":"2018-03-12T14:18:00","guid":{"rendered":"http:\/\/www.sindenfermeiro.com.br\/?p=2355"},"modified":"2026-04-29T20:13:47","modified_gmt":"2026-04-29T23:13:47","slug":"ato-em-prol-dos-concursados","status":"publish","type":"post","link":"https:\/\/sindenfermeiro.com.br\/index.php\/2018\/03\/12\/ato-em-prol-dos-concursados\/","title":{"rendered":"ATO EM PROL DOS CONCURSADOS"},"content":{"rendered":"<p><strong>NOMEA\u00c7\u00d5ES J\u00c1\u00a0 &#x2705;<\/strong><\/p>\n<p><strong>ATO EM PROL DOS CONCURSADOS<\/strong>\u00a0 &#x1f469;&#x200d;&#x2695;&#x1f468;&#x200d;&#x2695;<\/p>\n<p>Nessa quarta, 14 DE MAR\u00c7O, acontece o Ato p\u00fablico pela convoca\u00e7\u00e3o de Concursados da Sa\u00fade.<br \/>\nContamos com a mobiliza\u00e7\u00e3o da categoria e dos concursados, para que os enfermeiros sejam finalmente nomeados.<\/p>\n<p>&#8212;<\/p>\n<p><strong>AONDE? PAL\u00c1CIO DO BURITI<\/strong><\/p>\n<p><strong>QUANDO? QUARTA, 14 DE MAR\u00c7O<\/strong><\/p>\n<p><strong>HORA: 9H<\/strong><\/p>\n<p>&#8212;<\/p>\n<p>Fa\u00e7a parte dessa luta!<br \/>\nVista seu jaleco e vem fazer a diferen\u00e7a com a gente!<\/p>\n<p># Mobilizar para conquistar<\/p>\n<p>&nbsp;<\/p>\n<p><img loading=\"lazy\" decoding=\"async\" class=\"aligncenter size-full wp-image-2356\" src=\"http:\/\/www.sindenfermeiro.com.br\/wp-content\/uploads\/2018\/03\/5d104387-23bb-413b-b776-125975173327.jpg\" alt=\"\" width=\"1280\" height=\"1280\" \/><\/p>\n","protected":false},"excerpt":{"rendered":"<p>NOMEA\u00c7\u00d5ES J\u00c1\u00a0 &#x2705; ATO EM PROL DOS CONCURSADOS\u00a0 &#x1f469;&#x200d;&#x2695;&#x1f468;&#x200d;&#x2695; Nessa quarta, 14 DE MAR\u00c7O, acontece o Ato p\u00fablico pela convoca\u00e7\u00e3o de Concursados da Sa\u00fade. Contamos com a mobiliza\u00e7\u00e3o da categoria e dos concursados, para que os enfermeiros sejam finalmente nomeados. &#8212; AONDE? PAL\u00c1CIO DO BURITI QUANDO? QUARTA, 14 DE MAR\u00c7O HORA: 9H &#8212; Fa\u00e7a parte [&hellip;]<\/p>\n","protected":false},"author":6,"featured_media":2356,"comment_status":"closed","ping_status":"closed","sticky":false,"template":"","format":"standard","meta":{"footnotes":""},"categories":[6,2],"tags":[],"class_list":["post-2355","post","type-post","status-publish","format-standard","has-post-thumbnail","hentry","category-noticias","category-teste"],"_links":{"self":[{"href":"https:\/\/sindenfermeiro.com.br\/index.php\/wp-json\/wp\/v2\/posts\/2355","targetHints":{"allow":["GET"]}}],"collection":[{"href":"https:\/\/sindenfermeiro.com.br\/index.php\/wp-json\/wp\/v2\/posts"}],"about":[{"href":"https:\/\/sindenfermeiro.com.br\/index.php\/wp-json\/wp\/v2\/types\/post"}],"author":[{"embeddable":true,"href":"https:\/\/sindenfermeiro.com.br\/index.php\/wp-json\/wp\/v2\/users\/6"}],"replies":[{"embeddable":true,"href":"https:\/\/sindenfermeiro.com.br\/index.php\/wp-json\/wp\/v2\/comments?post=2355"}],"version-history":[{"count":1,"href":"https:\/\/sindenfermeiro.com.br\/index.php\/wp-json\/wp\/v2\/posts\/2355\/revisions"}],"predecessor-version":[{"id":37168,"href":"https:\/\/sindenfermeiro.com.br\/index.php\/wp-json\/wp\/v2\/posts\/2355\/revisions\/37168"}],"wp:featuredmedia":[{"embeddable":true,"href":"https:\/\/sindenfermeiro.com.br\/index.php\/wp-json\/"}],"wp:attachment":[{"href":"https:\/\/sindenfermeiro.com.br\/index.php\/wp-json\/wp\/v2\/media?parent=2355"}],"wp:term":[{"taxonomy":"category","embeddable":true,"href":"https:\/\/sindenfermeiro.com.br\/index.php\/wp-json\/wp\/v2\/categories?post=2355"},{"taxonomy":"post_tag","embeddable":true,"href":"https:\/\/sindenfermeiro.com.br\/index.php\/wp-json\/wp\/v2\/tags?post=2355"}],"curies":[{"name":"wp","href":"https:\/\/api.w.org\/{rel}","templated":true}]}}