{"id":221,"date":"2016-11-23T20:50:14","date_gmt":"2016-11-23T20:50:14","guid":{"rendered":"http:\/\/www.sindenfermeiro.com.br\/?p=221"},"modified":"2026-04-29T07:01:28","modified_gmt":"2026-04-29T10:01:28","slug":"acompanhantes-de-pacientes-ficam-sem-alimentacao-nos-hospitais-a-partir-de-hoje","status":"publish","type":"post","link":"https:\/\/sindenfermeiro.com.br\/index.php\/2016\/11\/23\/acompanhantes-de-pacientes-ficam-sem-alimentacao-nos-hospitais-a-partir-de-hoje\/","title":{"rendered":"Acompanhantes de pacientes ficam sem alimenta\u00e7\u00e3o nos hospitais a partir de hoje"},"content":{"rendered":"<p style=\"text-align: justify\"><span style=\"font-size: 14pt\"><strong><em>Funcion\u00e1rios j\u00e1 estavam sem alimenta\u00e7\u00e3o deste a \u00faltima segunda-feira. Desta vez, acompanhantes de pacientes tamb\u00e9m ficam sem suas refei\u00e7\u00f5es<\/em><\/strong><\/span><\/p>\n<p style=\"text-align: justify\"><span style=\"font-size: 14pt\">A Sanoli, empresa que fornece alimento para o setor de sa\u00fade do Distrito Federal, ir\u00e1 suspender, a partir do jantar desta quarta-feira (23), a alimenta\u00e7\u00e3o dos acompanhantes de pacientes, nos hospitais e UPAs, por falta de pagamento do GDF. Desde a \u00faltima segunda (21), a alimenta\u00e7\u00e3o j\u00e1 n\u00e3o \u00e9 mais servida aos servidores que trabalham nas unidades de sa\u00fade do DF.<\/span><\/p>\n<p><img loading=\"lazy\" decoding=\"async\" class=\"alignnone size-full wp-image-222\" src=\"http:\/\/www.sindenfermeiro.com.br\/wp-content\/uploads\/2016\/11\/SINDICATO-2.png\" alt=\"SINDICATO (2)\" width=\"800\" height=\"800\" \/><\/p>\n<p style=\"text-align: justify\"><span style=\"font-size: 14pt\">A Sanoli esclarece que m\u00e3es nutrizes continuam a receber alimenta\u00e7\u00e3o (at\u00e9 quando for poss\u00edvel e durar o estoque), j\u00e1 que \u201cse alimentam para si e para seus b\u00eab\u00eas\u201d e, portanto, a \u201cfalta de suas refei\u00e7\u00f5es pode trazer dificuldade para a produ\u00e7\u00e3o de leite\u201d.<\/span><\/p>\n<p style=\"text-align: justify\"><span style=\"font-size: 14pt\">A empresa explica que tem feito todos os esfor\u00e7os para que a situa\u00e7\u00e3o seja resolvida. O SindEnfermeiro continua na luta para que o GDF fa\u00e7a valer os direitos do cidad\u00e3o e do profissional da sa\u00fade, no Distrito Federal.<\/span><\/p>\n","protected":false},"excerpt":{"rendered":"<p>Funcion\u00e1rios j\u00e1 estavam sem alimenta\u00e7\u00e3o deste a \u00faltima segunda-feira. Desta vez, acompanhantes de pacientes tamb\u00e9m ficam sem suas refei\u00e7\u00f5es A Sanoli, empresa que fornece alimento para o setor de sa\u00fade do Distrito Federal, ir\u00e1 suspender, a partir do jantar desta quarta-feira (23), a alimenta\u00e7\u00e3o dos acompanhantes de pacientes, nos hospitais e UPAs, por falta de [&hellip;]<\/p>\n","protected":false},"author":6,"featured_media":222,"comment_status":"closed","ping_status":"closed","sticky":false,"template":"","format":"standard","meta":{"footnotes":""},"categories":[6,2],"tags":[],"class_list":["post-221","post","type-post","status-publish","format-standard","has-post-thumbnail","hentry","category-noticias","category-teste"],"_links":{"self":[{"href":"https:\/\/sindenfermeiro.com.br\/index.php\/wp-json\/wp\/v2\/posts\/221","targetHints":{"allow":["GET"]}}],"collection":[{"href":"https:\/\/sindenfermeiro.com.br\/index.php\/wp-json\/wp\/v2\/posts"}],"about":[{"href":"https:\/\/sindenfermeiro.com.br\/index.php\/wp-json\/wp\/v2\/types\/post"}],"author":[{"embeddable":true,"href":"https:\/\/sindenfermeiro.com.br\/index.php\/wp-json\/wp\/v2\/users\/6"}],"replies":[{"embeddable":true,"href":"https:\/\/sindenfermeiro.com.br\/index.php\/wp-json\/wp\/v2\/comments?post=221"}],"version-history":[{"count":1,"href":"https:\/\/sindenfermeiro.com.br\/index.php\/wp-json\/wp\/v2\/posts\/221\/revisions"}],"predecessor-version":[{"id":37162,"href":"https:\/\/sindenfermeiro.com.br\/index.php\/wp-json\/wp\/v2\/posts\/221\/revisions\/37162"}],"wp:featuredmedia":[{"embeddable":true,"href":"https:\/\/sindenfermeiro.com.br\/index.php\/wp-json\/"}],"wp:attachment":[{"href":"https:\/\/sindenfermeiro.com.br\/index.php\/wp-json\/wp\/v2\/media?parent=221"}],"wp:term":[{"taxonomy":"category","embeddable":true,"href":"https:\/\/sindenfermeiro.com.br\/index.php\/wp-json\/wp\/v2\/categories?post=221"},{"taxonomy":"post_tag","embeddable":true,"href":"https:\/\/sindenfermeiro.com.br\/index.php\/wp-json\/wp\/v2\/tags?post=221"}],"curies":[{"name":"wp","href":"https:\/\/api.w.org\/{rel}","templated":true}]}}