{"id":2204,"date":"2018-03-07T15:15:52","date_gmt":"2018-03-07T15:15:52","guid":{"rendered":"http:\/\/www.sindenfermeiro.com.br\/?p=2204"},"modified":"2026-05-01T05:39:27","modified_gmt":"2026-05-01T08:39:27","slug":"nota-de-esclarecimento-desconto-do-imposto-sindical","status":"publish","type":"post","link":"https:\/\/sindenfermeiro.com.br\/index.php\/2018\/03\/07\/nota-de-esclarecimento-desconto-do-imposto-sindical\/","title":{"rendered":"NOTA DE ESCLARECIMENTO &#8211; DESCONTO DO IMPOSTO SINDICAL"},"content":{"rendered":"<p style=\"text-align: justify\">Informamos a todos os servidores enfermeiros que o Sindicato dos Enfermeiros do Distrito Federal (SindEnfermeiro-DF) continua executando a\u00e7\u00f5es judiciais e administrativas, no sentido de evitar o desconto do imposto sindical requerido pelo SindSa\u00fade (processo N\u00ba 2009.01.1.144.905-3).<\/p>\n<p style=\"text-align: justify\">Comunicamos ainda que os enfermeiros que pagaram o imposto sindical entre 2012 a 2017 dever\u00e3o encaminhar os comprovantes \u00e0s ger\u00eancias de pessoal (em sua regional de sa\u00fade), com c\u00f3pia para o SindEnfermeiro, atrav\u00e9s do email sedfcontato@gmail.com. Isto deve ser feito, impreterivelmente, at\u00e9 essa sexta (9).<\/p>\n<p style=\"text-align: justify\">Essa medida tem a finalidade preventiva &#8211; caso seja necess\u00e1rio realizar o desconto -, no sentido de evitar a bitributa\u00e7\u00e3o aos servidores que j\u00e1 efetuaram o pagamento, nos anos requeridos.<\/p>\n<p style=\"text-align: justify\"><strong>O que \u00e9 o Imposto Sindical?<\/strong><\/p>\n<p style=\"text-align: justify\">Tributo de car\u00e1ter legal e obrigat\u00f3rio (at\u00e9 a reforma trabalhista de 2017), o imposto sindical equivale a um (1) dia de trabalho do ano. O tributo nunca havia sido cobrado dos servidores p\u00fablicos, at\u00e9 ter sido requerido pelo SindSa\u00fade (processo N\u00ba 2009.01.1.144.905-3).<\/p>\n<p>_______________________________________________<\/p>\n<p>BAIXE AS DECLARA\u00c7\u00d5ES AQUI:<\/p>\n<p><a href=\"http:\/\/www.sindenfermeiro.com.br\/wp-content\/uploads\/2018\/02\/LIVRE-ASSOCIA\u00c7\u00c3O.docx\">LIVRE ASSOCIA\u00c7\u00c3O<\/a><\/p>\n<p><a href=\"http:\/\/www.sindenfermeiro.com.br\/wp-content\/uploads\/2018\/02\/QUITA\u00c7\u00c3O-DE-VALORES.docx\">QUITA\u00c7\u00c3O DE VALORES<\/a><\/p>\n","protected":false},"excerpt":{"rendered":"<p>Informamos a todos os servidores enfermeiros que o Sindicato dos Enfermeiros do Distrito Federal (SindEnfermeiro-DF) continua executando a\u00e7\u00f5es judiciais e administrativas, no sentido de evitar o desconto do imposto sindical requerido pelo SindSa\u00fade (processo N\u00ba 2009.01.1.144.905-3). Comunicamos ainda que os enfermeiros que pagaram o imposto sindical entre 2012 a 2017 dever\u00e3o encaminhar os comprovantes \u00e0s [&hellip;]<\/p>\n","protected":false},"author":6,"featured_media":2206,"comment_status":"closed","ping_status":"closed","sticky":false,"template":"","format":"standard","meta":{"footnotes":""},"categories":[6,2],"tags":[],"class_list":["post-2204","post","type-post","status-publish","format-standard","has-post-thumbnail","hentry","category-noticias","category-teste"],"_links":{"self":[{"href":"https:\/\/sindenfermeiro.com.br\/index.php\/wp-json\/wp\/v2\/posts\/2204","targetHints":{"allow":["GET"]}}],"collection":[{"href":"https:\/\/sindenfermeiro.com.br\/index.php\/wp-json\/wp\/v2\/posts"}],"about":[{"href":"https:\/\/sindenfermeiro.com.br\/index.php\/wp-json\/wp\/v2\/types\/post"}],"author":[{"embeddable":true,"href":"https:\/\/sindenfermeiro.com.br\/index.php\/wp-json\/wp\/v2\/users\/6"}],"replies":[{"embeddable":true,"href":"https:\/\/sindenfermeiro.com.br\/index.php\/wp-json\/wp\/v2\/comments?post=2204"}],"version-history":[{"count":1,"href":"https:\/\/sindenfermeiro.com.br\/index.php\/wp-json\/wp\/v2\/posts\/2204\/revisions"}],"predecessor-version":[{"id":36978,"href":"https:\/\/sindenfermeiro.com.br\/index.php\/wp-json\/wp\/v2\/posts\/2204\/revisions\/36978"}],"wp:featuredmedia":[{"embeddable":true,"href":"https:\/\/sindenfermeiro.com.br\/index.php\/wp-json\/"}],"wp:attachment":[{"href":"https:\/\/sindenfermeiro.com.br\/index.php\/wp-json\/wp\/v2\/media?parent=2204"}],"wp:term":[{"taxonomy":"category","embeddable":true,"href":"https:\/\/sindenfermeiro.com.br\/index.php\/wp-json\/wp\/v2\/categories?post=2204"},{"taxonomy":"post_tag","embeddable":true,"href":"https:\/\/sindenfermeiro.com.br\/index.php\/wp-json\/wp\/v2\/tags?post=2204"}],"curies":[{"name":"wp","href":"https:\/\/api.w.org\/{rel}","templated":true}]}}