{"id":2195,"date":"2018-03-06T12:39:08","date_gmt":"2018-03-06T12:39:08","guid":{"rendered":"http:\/\/www.sindenfermeiro.com.br\/?p=2195"},"modified":"2026-04-29T19:08:04","modified_gmt":"2026-04-29T22:08:04","slug":"curso-de-inteligencia-emocional","status":"publish","type":"post","link":"https:\/\/sindenfermeiro.com.br\/index.php\/2018\/03\/06\/curso-de-inteligencia-emocional\/","title":{"rendered":"CURSO DE\u00a0INTELIG\u00caNCIA EMOCIONAL"},"content":{"rendered":"<div class=\"\">\n<div class=\"_1mf _1mj\"><strong>CURSO DE\u00a0INTELIG\u00caNCIA EMOCIONAL<\/strong><\/div>\n<\/div>\n<div class=\"\">\n<div class=\"_1mf _1mj\"><span>\u00a0<\/span><\/div>\n<\/div>\n<div class=\"\">\n<div class=\"_1mf _1mj\"><strong><span class=\"_3gl1 _5zz4\"><span class=\"_ncl\">&#x25aa;&#xfe0f;<\/span><\/span>SAIBA MAIS:<\/strong><\/div>\n<\/div>\n<div class=\"\">\n<div class=\"_1mf _1mj\"><span>\u00a0<\/span><\/div>\n<\/div>\n<div class=\"\">\n<div class=\"_1mf _1mj\"><span>\u00a0<\/span><\/div>\n<\/div>\n<div class=\"\">\n<div class=\"_1mf _1mj\"><span>O curso de Intelig\u00eancia Emocional ir\u00e1 trazer compreens\u00e3o sobre quais s\u00e3o as tr\u00eas \u00e1reas da sua vida que gera as compet\u00eancias que ir\u00e3o influenciar nos fatores de sucesso pessoal e profissional. Neste curso voc\u00ea ir\u00e1 compreender quais s\u00e3o as tr\u00eas \u00e1reas da sua vida que gera as compet\u00eancias que ir\u00e3o influenciar nos fatores de sucesso pessoal e profissional. Tudo isso atrav\u00e9s de um relat\u00f3rio que ir\u00e1 mensurar quais compet\u00eancias voc\u00ea possui desenvolvidas e quais ainda necessitam ser aperfei\u00e7oadas. Se voc\u00ea usar a sua intelig\u00eancia emocional de forma eficaz, ser\u00e1 capaz de influenciar os outros, de se comunicar melhor e de manter-se concentrado durante os momentos cr\u00edticos. Na maioria das vezes, a sua compet\u00eancia emocional \u00e9 suficiente para navegar na complexidade de seu trabalho e vida di\u00e1ria. No entanto, em tempos de desafio, complexidade, ou stress, uma intelig\u00eancia emocional maior ir\u00e1 potencializar as suas habilidades nos desafios do dia-a-dia.<\/span><\/div>\n<\/div>\n<div class=\"\">\n<div class=\"_1mf _1mj\"><span>\u00a0<\/span><\/div>\n<\/div>\n<div class=\"\">\n<div class=\"_1mf _1mj\"><em><strong>*** Sindicalizados possuem 15% de desconto<\/strong><\/em><\/div>\n<\/div>\n<div class=\"\">\n<div class=\"_1mf _1mj\"><span>&#8212;<\/span><\/div>\n<\/div>\n<div class=\"\">\n<div class=\"_1mf _1mj\"><span>\u00a0<\/span><\/div>\n<\/div>\n<div class=\"\">\n<div class=\"_1mf _1mj\"><span class=\"_3gl1 _5zz4\"><span class=\"_ncl\">&#x25aa;&#xfe0f;<\/span><\/span><span>Vagas: 15<\/span><\/div>\n<\/div>\n<div class=\"\">\n<div class=\"_1mf _1mj\"><span>\u00a0<\/span><\/div>\n<\/div>\n<div class=\"\">\n<div class=\"_1mf _1mj\"><span class=\"_3gl1 _5zz4\"><span class=\"_ncl\">&#x25aa;&#xfe0f;<\/span><\/span><span>Carga Hor\u00e1ria: 16 horas (com dura\u00e7\u00e3o de 2 dias)<\/span><\/div>\n<\/div>\n<div class=\"\">\n<div class=\"_1mf _1mj\"><span>\u00a0<\/span><\/div>\n<\/div>\n<div class=\"\">\n<div class=\"_1mf _1mj\"><span class=\"_3gl1 _5zz4\"><span class=\"_ncl\">&#x1f4c5;<\/span><\/span><span>Data: 24\/03 e 25\/03\/2018<\/span><\/div>\n<\/div>\n<div class=\"\">\n<div class=\"_1mf _1mj\"><span>\u00a0<\/span><\/div>\n<\/div>\n<div class=\"\">\n<div class=\"_1mf _1mj\"><span class=\"_3gl1 _5zz4\"><span class=\"_ncl\">&#x25aa;&#xfe0f;<\/span><\/span><span>Hor\u00e1rio: 09 as 18 horas<\/span><\/div>\n<\/div>\n<div class=\"\">\n<div class=\"_1mf _1mj\"><span>\u00a0<\/span><\/div>\n<\/div>\n<div class=\"\">\n<div class=\"_1mf _1mj\"><span class=\"_3gl1 _5zz4\"><span class=\"_ncl\">&#x25aa;&#xfe0f;<\/span><\/span><span>Local: Bras\u00edlia \u2013 DF <\/span><\/div>\n<\/div>\n<div class=\"\">\n<div class=\"_1mf _1mj\"><span>\u00a0<\/span><\/div>\n<\/div>\n<div class=\"\">\n<div class=\"_1mf _1mj\"><strong>&#8212;<\/strong><\/div>\n<\/div>\n<div class=\"\">\n<div class=\"_1mf _1mj\"><strong>\u00a0<\/strong><\/div>\n<\/div>\n<div class=\"\">\n<div class=\"_1mf _1mj\"><strong>INFORMA\u00c7\u00d5ES: <\/strong><\/div>\n<\/div>\n<div class=\"\">\n<div class=\"_1mf _1mj\"><strong>\u00a0<\/strong><\/div>\n<\/div>\n<div class=\"\">\n<div class=\"_1mf _1mj\"><strong> (61) 3246-9293<\/strong><\/div>\n<\/div>\n<div class=\"\">\n<div><\/div>\n<div class=\"_1mf _1mj\"><strong>www.brasiliacoaching.com<\/strong><\/div>\n<\/div>\n<div><\/div>\n<div><\/div>\n","protected":false},"excerpt":{"rendered":"<p>CURSO DE\u00a0INTELIG\u00caNCIA EMOCIONAL \u00a0 &#x25aa;&#xfe0f;SAIBA MAIS: \u00a0 \u00a0 O curso de Intelig\u00eancia Emocional ir\u00e1 trazer compreens\u00e3o sobre quais s\u00e3o as tr\u00eas \u00e1reas da sua vida que gera as compet\u00eancias que ir\u00e3o influenciar nos fatores de sucesso pessoal e profissional. Neste curso voc\u00ea ir\u00e1 compreender quais s\u00e3o as tr\u00eas \u00e1reas da sua vida que gera as [&hellip;]<\/p>\n","protected":false},"author":6,"featured_media":2196,"comment_status":"closed","ping_status":"closed","sticky":false,"template":"","format":"standard","meta":{"footnotes":""},"categories":[6,2],"tags":[],"class_list":["post-2195","post","type-post","status-publish","format-standard","has-post-thumbnail","hentry","category-noticias","category-teste"],"_links":{"self":[{"href":"https:\/\/sindenfermeiro.com.br\/index.php\/wp-json\/wp\/v2\/posts\/2195","targetHints":{"allow":["GET"]}}],"collection":[{"href":"https:\/\/sindenfermeiro.com.br\/index.php\/wp-json\/wp\/v2\/posts"}],"about":[{"href":"https:\/\/sindenfermeiro.com.br\/index.php\/wp-json\/wp\/v2\/types\/post"}],"author":[{"embeddable":true,"href":"https:\/\/sindenfermeiro.com.br\/index.php\/wp-json\/wp\/v2\/users\/6"}],"replies":[{"embeddable":true,"href":"https:\/\/sindenfermeiro.com.br\/index.php\/wp-json\/wp\/v2\/comments?post=2195"}],"version-history":[{"count":1,"href":"https:\/\/sindenfermeiro.com.br\/index.php\/wp-json\/wp\/v2\/posts\/2195\/revisions"}],"predecessor-version":[{"id":37101,"href":"https:\/\/sindenfermeiro.com.br\/index.php\/wp-json\/wp\/v2\/posts\/2195\/revisions\/37101"}],"wp:featuredmedia":[{"embeddable":true,"href":"https:\/\/sindenfermeiro.com.br\/index.php\/wp-json\/"}],"wp:attachment":[{"href":"https:\/\/sindenfermeiro.com.br\/index.php\/wp-json\/wp\/v2\/media?parent=2195"}],"wp:term":[{"taxonomy":"category","embeddable":true,"href":"https:\/\/sindenfermeiro.com.br\/index.php\/wp-json\/wp\/v2\/categories?post=2195"},{"taxonomy":"post_tag","embeddable":true,"href":"https:\/\/sindenfermeiro.com.br\/index.php\/wp-json\/wp\/v2\/tags?post=2195"}],"curies":[{"name":"wp","href":"https:\/\/api.w.org\/{rel}","templated":true}]}}