{"id":2189,"date":"2018-03-02T20:53:32","date_gmt":"2018-03-02T20:53:32","guid":{"rendered":"http:\/\/www.sindenfermeiro.com.br\/?p=2189"},"modified":"2026-04-29T17:47:49","modified_gmt":"2026-04-29T20:47:49","slug":"fuenf-entrega-relatorio-sobre-deficit-de-profissionais-ao-mpdft","status":"publish","type":"post","link":"https:\/\/sindenfermeiro.com.br\/index.php\/2018\/03\/02\/fuenf-entrega-relatorio-sobre-deficit-de-profissionais-ao-mpdft\/","title":{"rendered":"FUEnf entrega relat\u00f3rio sobre d\u00e9ficit de profissionais ao MPDFT"},"content":{"rendered":"<p><em><strong>Secretaria de Planejamento tamb\u00e9m recebe o documento<\/strong><\/em><\/p>\n<p style=\"text-align: justify\">No \u00faltimos dias 26 e 27 de fevereiro, a Frente \u00danica da Enfermagem (FUEnf) apresentou, ao Minist\u00e9rio P\u00fablico do Distrito Federal (MPDFT) e \u00e0 Secretaria de Planejamento (SEPLAG), relat\u00f3rio sobre as consequ\u00eancias do d\u00e9ficit de profissionais, na rede de Sa\u00fade do DF. O relat\u00f3rio, baseado em dados do sistema de recursos humanos da Secreatira de Sa\u00fade (SES), aponta que o d\u00e9ficit \u00e9 de &#8211; aproximadamente &#8211; 800 enfermeiros. N\u00famero que diz respeito ao que seria necess\u00e1rio para atender garantir assist\u00eancia m\u00ednima.<\/p>\n<p style=\"text-align: justify\">Dayse Amar\u00edlio, presidente do Sindicato dos Enfermeiros, e Jonhatan Rodrigues, procurador do Conselho Regional de Enfermagem, entregaram o documento \u00e0 promotora do MPDFT, Ana Laura Dias e ao Secret\u00e1rio Adjunto da SEPLAG, Marcelo Soares.<\/p>\n<p style=\"text-align: justify\">O aumento populacional tamb\u00e9m \u00e9 um fator exposto no documento. O relat\u00f3rio mostra que o aumento dr\u00e1stico da densidade demogr\u00e1fica traz s\u00e9rias dificuldades para todas \u00e0s Unidades de Sa\u00fade da SES, na elabora\u00e7\u00e3o de escalas com o n\u00famero de profissionais m\u00ednimo para atender a popula\u00e7\u00e3o.<\/p>\n<p><img loading=\"lazy\" decoding=\"async\" class=\"aligncenter wp-image-2190\" src=\"http:\/\/www.sindenfermeiro.com.br\/wp-content\/uploads\/2018\/03\/WhatsApp-Image-2018-02-27-at-20.39.37-1.jpeg\" alt=\"\" width=\"500\" height=\"375\" \/><\/p>\n<p style=\"text-align: justify\">O documento esclarece que d\u00e9ficit de 800 profissionais \u00e9 &#8220;consider\u00e1vel, tendo em vista que nos \u00faltimos anos \u00e0s nomea\u00e7\u00f5es ficaram bem abaixo do n\u00famero de enfermeiros que deixaram de exercer suas atividades&#8221;, seja por aposentadorias, exonera\u00e7\u00e3o ou falecimento. O percentual relativo ao n\u00famero de Enfermeiros da SES &#8211; no per\u00edodo de 2016 a 2018 &#8211; \u00e9 de cerca de 2%, sendo que, para atender a demanda do n\u00famero de pacientes, esse percentual deveria ser de, no m\u00ednimo, 6%.<\/p>\n<p style=\"text-align: justify\">A promotora Ana Laura Dias ficou respons\u00e1vel por encaminhar o relat\u00f3rio da FUEnf a demais promotores do MPDFT e a SEPLAG sinalizou com o encaminhamento de reuni\u00e3o com participa\u00e7\u00e3o da Frente \u00danica e do secret\u00e1rio de Sa\u00fade, Humberto Fonseca.<\/p>\n","protected":false},"excerpt":{"rendered":"<p>Secretaria de Planejamento tamb\u00e9m recebe o documento No \u00faltimos dias 26 e 27 de fevereiro, a Frente \u00danica da Enfermagem (FUEnf) apresentou, ao Minist\u00e9rio P\u00fablico do Distrito Federal (MPDFT) e \u00e0 Secretaria de Planejamento (SEPLAG), relat\u00f3rio sobre as consequ\u00eancias do d\u00e9ficit de profissionais, na rede de Sa\u00fade do DF. O relat\u00f3rio, baseado em dados do [&hellip;]<\/p>\n","protected":false},"author":6,"featured_media":2190,"comment_status":"closed","ping_status":"closed","sticky":false,"template":"","format":"standard","meta":{"footnotes":""},"categories":[6,2],"tags":[],"class_list":["post-2189","post","type-post","status-publish","format-standard","has-post-thumbnail","hentry","category-noticias","category-teste"],"_links":{"self":[{"href":"https:\/\/sindenfermeiro.com.br\/index.php\/wp-json\/wp\/v2\/posts\/2189","targetHints":{"allow":["GET"]}}],"collection":[{"href":"https:\/\/sindenfermeiro.com.br\/index.php\/wp-json\/wp\/v2\/posts"}],"about":[{"href":"https:\/\/sindenfermeiro.com.br\/index.php\/wp-json\/wp\/v2\/types\/post"}],"author":[{"embeddable":true,"href":"https:\/\/sindenfermeiro.com.br\/index.php\/wp-json\/wp\/v2\/users\/6"}],"replies":[{"embeddable":true,"href":"https:\/\/sindenfermeiro.com.br\/index.php\/wp-json\/wp\/v2\/comments?post=2189"}],"version-history":[{"count":1,"href":"https:\/\/sindenfermeiro.com.br\/index.php\/wp-json\/wp\/v2\/posts\/2189\/revisions"}],"predecessor-version":[{"id":36783,"href":"https:\/\/sindenfermeiro.com.br\/index.php\/wp-json\/wp\/v2\/posts\/2189\/revisions\/36783"}],"wp:featuredmedia":[{"embeddable":true,"href":"https:\/\/sindenfermeiro.com.br\/index.php\/wp-json\/"}],"wp:attachment":[{"href":"https:\/\/sindenfermeiro.com.br\/index.php\/wp-json\/wp\/v2\/media?parent=2189"}],"wp:term":[{"taxonomy":"category","embeddable":true,"href":"https:\/\/sindenfermeiro.com.br\/index.php\/wp-json\/wp\/v2\/categories?post=2189"},{"taxonomy":"post_tag","embeddable":true,"href":"https:\/\/sindenfermeiro.com.br\/index.php\/wp-json\/wp\/v2\/tags?post=2189"}],"curies":[{"name":"wp","href":"https:\/\/api.w.org\/{rel}","templated":true}]}}