{"id":2183,"date":"2018-03-02T20:37:00","date_gmt":"2018-03-02T20:37:00","guid":{"rendered":"http:\/\/www.sindenfermeiro.com.br\/?p=2183"},"modified":"2026-04-29T17:47:19","modified_gmt":"2026-04-29T20:47:19","slug":"curso-vivenciando-a-comunicacao-nao-violenta-2","status":"publish","type":"post","link":"https:\/\/sindenfermeiro.com.br\/index.php\/2018\/03\/02\/curso-vivenciando-a-comunicacao-nao-violenta-2\/","title":{"rendered":"Curso: Vivenciando a Comunica\u00e7\u00e3o n\u00e3o violenta"},"content":{"rendered":"<p><img loading=\"lazy\" decoding=\"async\" class=\"aligncenter size-full wp-image-2184\" src=\"http:\/\/www.sindenfermeiro.com.br\/wp-content\/uploads\/2018\/03\/2018-abril-Flyer-curso-CNV-II-5.png\" alt=\"\" width=\"1920\" height=\"1080\" \/><\/p>\n<p>&nbsp;<\/p>\n<p>&nbsp;<\/p>\n<p><strong>Saiba mais:<\/strong><\/p>\n<div class=\"text_exposed_show\">\n<p>A Comunica\u00e7\u00e3o N\u00e3o-Violenta (CNV) \u00e9 um processo que inspira a\u00e7\u00e3o compassiva e solid\u00e1ria. Ela resgata o que h\u00e1 de mais genu\u00edno nas pessoas: suas emo\u00e7\u00f5es, valores e a capacidade de se expressarem com honestidade, ajudando a harmonizar as suas necessidades com as de outras pessoas de modo emp\u00e1tico.<br \/>\nEnsina ferramentas simples que podem melhorar a qualidade de vida entre companheiros, filhos, vizinhos, colegas de trabalho e todas as pessoas com as quais interagimos.<\/p>\n<p>INVESTIMENTO: R$420,00 parcelado em 3 vezes \u00e0 vista: de R$ 350,00, para pagamento na inscri\u00e7\u00e3o. Enfermeiros: R$ 315,00, para pagamento na inscri\u00e7\u00e3o.<\/p>\n<p>INSCRI\u00c7\u00c3O:\u00a0<a href=\"https:\/\/goo.gl\/forms\/tpzJOgX8ujTjDh6J3\" target=\"_blank\" rel=\"noopener nofollow noreferrer\">https:\/\/goo.gl\/forms\/tpzJOgX8ujTjDh6J3<\/a><\/p>\n<p>FACILITADORA: \u00c9disa Brito Lopes, enfermeira, especialista em Sa\u00fade P\u00fablica, terapeuta hol\u00edstica, comunit\u00e1ria, transpessoal, psicodramatista, Leader Coach atuando como facilitadora de cursos na \u00e1rea de comunica\u00e7\u00e3o n\u00e3o-violenta e media\u00e7\u00e3o de conflito em parceira com o Centro Popular de Forma\u00e7\u00e3o de Juventude, OSCIP que atua no DF na \u00e1rea de Direitos Humanos e Cultura de Paz.<\/p>\n<p><span class=\"_5mfr _47e3\"><span class=\"_7oe\">&#x25aa;&#xfe0f;<\/span><\/span>DESCONTO DE 10% NO VALOR \u00c0 VISTA PARA ENFERMEIROS<\/p>\n<p>&#8212;<\/p>\n<p><span class=\"_5mfr _47e3\"><img loading=\"lazy\" decoding=\"async\" class=\"img\" role=\"presentation\" src=\"https:\/\/static.xx.fbcdn.net\/images\/emoji.php\/v9\/fd7\/1.5\/16\/1f4c5.png\" alt=\"\" width=\"16\" height=\"16\" \/><\/span>\u00a028 e 29 de Abril<\/p>\n<p>ENDERE\u00c7O: GUAR\u00c1 II<\/p>\n<p><strong>INFORMA\u00c7\u00d5ES:<\/strong><\/p>\n<p>CONTATO: edisavidaejuventude@gmail.com<\/p>\n<p>Telefone: (61) 8233-4535 &#8211; Edisa Lopes<\/p>\n<p><strong>PARTICIPE!<\/strong><\/p>\n<\/div>\n","protected":false},"excerpt":{"rendered":"<p>&nbsp; &nbsp; Saiba mais: A Comunica\u00e7\u00e3o N\u00e3o-Violenta (CNV) \u00e9 um processo que inspira a\u00e7\u00e3o compassiva e solid\u00e1ria. Ela resgata o que h\u00e1 de mais genu\u00edno nas pessoas: suas emo\u00e7\u00f5es, valores e a capacidade de se expressarem com honestidade, ajudando a harmonizar as suas necessidades com as de outras pessoas de modo emp\u00e1tico. Ensina ferramentas simples [&hellip;]<\/p>\n","protected":false},"author":6,"featured_media":2184,"comment_status":"closed","ping_status":"closed","sticky":false,"template":"","format":"standard","meta":{"footnotes":""},"categories":[6,2],"tags":[],"class_list":["post-2183","post","type-post","status-publish","format-standard","has-post-thumbnail","hentry","category-noticias","category-teste"],"_links":{"self":[{"href":"https:\/\/sindenfermeiro.com.br\/index.php\/wp-json\/wp\/v2\/posts\/2183","targetHints":{"allow":["GET"]}}],"collection":[{"href":"https:\/\/sindenfermeiro.com.br\/index.php\/wp-json\/wp\/v2\/posts"}],"about":[{"href":"https:\/\/sindenfermeiro.com.br\/index.php\/wp-json\/wp\/v2\/types\/post"}],"author":[{"embeddable":true,"href":"https:\/\/sindenfermeiro.com.br\/index.php\/wp-json\/wp\/v2\/users\/6"}],"replies":[{"embeddable":true,"href":"https:\/\/sindenfermeiro.com.br\/index.php\/wp-json\/wp\/v2\/comments?post=2183"}],"version-history":[{"count":1,"href":"https:\/\/sindenfermeiro.com.br\/index.php\/wp-json\/wp\/v2\/posts\/2183\/revisions"}],"predecessor-version":[{"id":36797,"href":"https:\/\/sindenfermeiro.com.br\/index.php\/wp-json\/wp\/v2\/posts\/2183\/revisions\/36797"}],"wp:featuredmedia":[{"embeddable":true,"href":"https:\/\/sindenfermeiro.com.br\/index.php\/wp-json\/"}],"wp:attachment":[{"href":"https:\/\/sindenfermeiro.com.br\/index.php\/wp-json\/wp\/v2\/media?parent=2183"}],"wp:term":[{"taxonomy":"category","embeddable":true,"href":"https:\/\/sindenfermeiro.com.br\/index.php\/wp-json\/wp\/v2\/categories?post=2183"},{"taxonomy":"post_tag","embeddable":true,"href":"https:\/\/sindenfermeiro.com.br\/index.php\/wp-json\/wp\/v2\/tags?post=2183"}],"curies":[{"name":"wp","href":"https:\/\/api.w.org\/{rel}","templated":true}]}}