{"id":2176,"date":"2018-02-21T19:09:51","date_gmt":"2018-02-21T19:09:51","guid":{"rendered":"http:\/\/www.sindenfermeiro.com.br\/?p=2176"},"modified":"2026-04-29T17:48:00","modified_gmt":"2026-04-29T20:48:00","slug":"tribunal-de-contas-decide-que-recadastramento-e-suspensao-da-gtit-nao-podem-ser-impostos-pelo-gdf","status":"publish","type":"post","link":"https:\/\/sindenfermeiro.com.br\/index.php\/2018\/02\/21\/tribunal-de-contas-decide-que-recadastramento-e-suspensao-da-gtit-nao-podem-ser-impostos-pelo-gdf\/","title":{"rendered":"Tribunal de Contas decide que recadastramento e suspens\u00e3o da GTIT n\u00e3o podem ser impostos pelo GDF"},"content":{"rendered":"<p style=\"text-align: justify\">Novas regras s\u00f3 valem para servidores que passaram a ganhar gratifica\u00e7\u00e3o ap\u00f3s publica\u00e7\u00e3o de Portaria<\/p>\n<p style=\"text-align: justify\">O Tribunal de Contas do Distrito Federal (TCDF) decidiu, nessa ter\u00e7a (20), que o recadastramento e a suspens\u00e3o da Gratifica\u00e7\u00e3o de Titula\u00e7\u00e3o (GTIT) n\u00e3o podem ser impostos, pelo Governo do Distrito Federal (GDF), a servidores que j\u00e1 ganhavam a compensa\u00e7\u00e3o antes da publica\u00e7\u00e3o<span style=\"text-align: justify\">\u00a0da Portaria 141\/2017. A decis\u00e3o do tribunal foi un\u00e2nime e se refere a pr\u00e1tica da Secretaria de Sa\u00fade (SES) em rela\u00e7\u00e3o a enfermeiros e demais categorias da pasta.<\/span><\/p>\n<p style=\"text-align: justify\">De acordo com a decis\u00e3o da corte, trabalhadores que possu\u00edam t\u00edtulos de mesma natureza &#8211; at\u00e9 a publica\u00e7\u00e3o da Portaria &#8211; n\u00e3o podem ser afetados pelas novas regras. No entanto, os servidores que solicitarem o benef\u00edcio ap\u00f3s a valida\u00e7\u00e3o das novas diretrizes j\u00e1 estar\u00e3o sob o novo regime, que impede o registro de t\u00edtulos da mesma natureza.<\/p>\n<p><img loading=\"lazy\" decoding=\"async\" class=\"aligncenter wp-image-2177\" src=\"http:\/\/www.sindenfermeiro.com.br\/wp-content\/uploads\/2018\/02\/Tribunal-de-Contas-do-DF-_Reprodu\u00e7\u00e3o.jpg\" alt=\"\" width=\"498\" height=\"280\" \/><\/p>\n","protected":false},"excerpt":{"rendered":"<p>Novas regras s\u00f3 valem para servidores que passaram a ganhar gratifica\u00e7\u00e3o ap\u00f3s publica\u00e7\u00e3o de Portaria O Tribunal de Contas do Distrito Federal (TCDF) decidiu, nessa ter\u00e7a (20), que o recadastramento e a suspens\u00e3o da Gratifica\u00e7\u00e3o de Titula\u00e7\u00e3o (GTIT) n\u00e3o podem ser impostos, pelo Governo do Distrito Federal (GDF), a servidores que j\u00e1 ganhavam a compensa\u00e7\u00e3o [&hellip;]<\/p>\n","protected":false},"author":6,"featured_media":2177,"comment_status":"closed","ping_status":"closed","sticky":false,"template":"","format":"standard","meta":{"footnotes":""},"categories":[6,2],"tags":[],"class_list":["post-2176","post","type-post","status-publish","format-standard","has-post-thumbnail","hentry","category-noticias","category-teste"],"_links":{"self":[{"href":"https:\/\/sindenfermeiro.com.br\/index.php\/wp-json\/wp\/v2\/posts\/2176","targetHints":{"allow":["GET"]}}],"collection":[{"href":"https:\/\/sindenfermeiro.com.br\/index.php\/wp-json\/wp\/v2\/posts"}],"about":[{"href":"https:\/\/sindenfermeiro.com.br\/index.php\/wp-json\/wp\/v2\/types\/post"}],"author":[{"embeddable":true,"href":"https:\/\/sindenfermeiro.com.br\/index.php\/wp-json\/wp\/v2\/users\/6"}],"replies":[{"embeddable":true,"href":"https:\/\/sindenfermeiro.com.br\/index.php\/wp-json\/wp\/v2\/comments?post=2176"}],"version-history":[{"count":1,"href":"https:\/\/sindenfermeiro.com.br\/index.php\/wp-json\/wp\/v2\/posts\/2176\/revisions"}],"predecessor-version":[{"id":36792,"href":"https:\/\/sindenfermeiro.com.br\/index.php\/wp-json\/wp\/v2\/posts\/2176\/revisions\/36792"}],"wp:featuredmedia":[{"embeddable":true,"href":"https:\/\/sindenfermeiro.com.br\/index.php\/wp-json\/"}],"wp:attachment":[{"href":"https:\/\/sindenfermeiro.com.br\/index.php\/wp-json\/wp\/v2\/media?parent=2176"}],"wp:term":[{"taxonomy":"category","embeddable":true,"href":"https:\/\/sindenfermeiro.com.br\/index.php\/wp-json\/wp\/v2\/categories?post=2176"},{"taxonomy":"post_tag","embeddable":true,"href":"https:\/\/sindenfermeiro.com.br\/index.php\/wp-json\/wp\/v2\/tags?post=2176"}],"curies":[{"name":"wp","href":"https:\/\/api.w.org\/{rel}","templated":true}]}}