{"id":2173,"date":"2018-02-16T19:57:28","date_gmt":"2018-02-16T19:57:28","guid":{"rendered":"http:\/\/www.sindenfermeiro.com.br\/?p=2173"},"modified":"2026-04-29T17:47:46","modified_gmt":"2026-04-29T20:47:46","slug":"mobilizacao-pela-nomeacao-de-enfermeiros","status":"publish","type":"post","link":"https:\/\/sindenfermeiro.com.br\/index.php\/2018\/02\/16\/mobilizacao-pela-nomeacao-de-enfermeiros\/","title":{"rendered":"MOBILIZA\u00c7\u00c3O PELA NOMEA\u00c7\u00c3O DE ENFERMEIROS"},"content":{"rendered":"<p style=\"text-align: justify\">Chegou a hora de mostrar nossa for\u00e7a!<\/p>\n<div class=\"text_exposed_show\" style=\"text-align: justify\">\n<p>O Sindicato dos Enfermeiros do Distrito Federal precisa de voc\u00ea pra transformar nosso direito em realidade.<\/p>\n<p>O governador Rollemberg vetou o Projeto de Lei 1884\/18, que prev\u00ea a nomea\u00e7\u00e3o de 200 enfermeiros.<\/p>\n<p>Mas o GDF sabe que essa luta n\u00e3o vai acabar assim.<\/p>\n<p><strong>&#8212;&#8211;<\/strong><\/p>\n<p>Para que esses enfermeiros sejam nomeados, o SindEnfermeiro precisa contar com a mobiliza\u00e7\u00e3o da categoria e dos concursados. S\u00f3 assim conseguiremos demonstrar aos deputados distritais que o veto do governador precisa ser derrubado, em nome da Sa\u00fade do DF.<\/p>\n<p>Os parlamentares sabem da for\u00e7a da enfermagem. A responsabilidade \u00e9 grande. A popula\u00e7\u00e3o do DF precisa de enfermeiros.<\/p>\n<p>E por isso, na pr\u00f3xima TER\u00c7A, 20 DE FEVEREIRO, vamos tomar conta da C\u00c2MARA LEGISLATIVA!<\/p>\n<p>Pelo direito do trabalhador que salva vidas!<\/p>\n<p>Em nome da sa\u00fade do cidad\u00e3o!<\/p>\n<\/div>\n<p style=\"text-align: justify\">\n<p style=\"text-align: justify\"><strong>&#8212;&#8211;<\/strong><\/p>\n<p style=\"text-align: justify\">\n<p><img loading=\"lazy\" decoding=\"async\" class=\"aligncenter  wp-image-2174\" src=\"http:\/\/www.sindenfermeiro.com.br\/wp-content\/uploads\/2018\/02\/WhatsApp-Image-2018-02-16-at-17.31.09.jpeg\" alt=\"\" width=\"500\" height=\"386\" \/><\/p>\n","protected":false},"excerpt":{"rendered":"<p>Chegou a hora de mostrar nossa for\u00e7a! O Sindicato dos Enfermeiros do Distrito Federal precisa de voc\u00ea pra transformar nosso direito em realidade. O governador Rollemberg vetou o Projeto de Lei 1884\/18, que prev\u00ea a nomea\u00e7\u00e3o de 200 enfermeiros. Mas o GDF sabe que essa luta n\u00e3o vai acabar assim. &#8212;&#8211; Para que esses enfermeiros [&hellip;]<\/p>\n","protected":false},"author":6,"featured_media":2174,"comment_status":"closed","ping_status":"closed","sticky":false,"template":"","format":"standard","meta":{"footnotes":""},"categories":[6,2],"tags":[],"class_list":["post-2173","post","type-post","status-publish","format-standard","has-post-thumbnail","hentry","category-noticias","category-teste"],"_links":{"self":[{"href":"https:\/\/sindenfermeiro.com.br\/index.php\/wp-json\/wp\/v2\/posts\/2173","targetHints":{"allow":["GET"]}}],"collection":[{"href":"https:\/\/sindenfermeiro.com.br\/index.php\/wp-json\/wp\/v2\/posts"}],"about":[{"href":"https:\/\/sindenfermeiro.com.br\/index.php\/wp-json\/wp\/v2\/types\/post"}],"author":[{"embeddable":true,"href":"https:\/\/sindenfermeiro.com.br\/index.php\/wp-json\/wp\/v2\/users\/6"}],"replies":[{"embeddable":true,"href":"https:\/\/sindenfermeiro.com.br\/index.php\/wp-json\/wp\/v2\/comments?post=2173"}],"version-history":[{"count":1,"href":"https:\/\/sindenfermeiro.com.br\/index.php\/wp-json\/wp\/v2\/posts\/2173\/revisions"}],"predecessor-version":[{"id":37033,"href":"https:\/\/sindenfermeiro.com.br\/index.php\/wp-json\/wp\/v2\/posts\/2173\/revisions\/37033"}],"wp:featuredmedia":[{"embeddable":true,"href":"https:\/\/sindenfermeiro.com.br\/index.php\/wp-json\/"}],"wp:attachment":[{"href":"https:\/\/sindenfermeiro.com.br\/index.php\/wp-json\/wp\/v2\/media?parent=2173"}],"wp:term":[{"taxonomy":"category","embeddable":true,"href":"https:\/\/sindenfermeiro.com.br\/index.php\/wp-json\/wp\/v2\/categories?post=2173"},{"taxonomy":"post_tag","embeddable":true,"href":"https:\/\/sindenfermeiro.com.br\/index.php\/wp-json\/wp\/v2\/tags?post=2173"}],"curies":[{"name":"wp","href":"https:\/\/api.w.org\/{rel}","templated":true}]}}