{"id":2169,"date":"2018-02-16T11:58:40","date_gmt":"2018-02-16T11:58:40","guid":{"rendered":"http:\/\/www.sindenfermeiro.com.br\/?p=2169"},"modified":"2026-04-29T17:47:16","modified_gmt":"2026-04-29T20:47:16","slug":"nota-complementar-desconto-obrigatorio-da-contribuicao-sindical","status":"publish","type":"post","link":"https:\/\/sindenfermeiro.com.br\/index.php\/2018\/02\/16\/nota-complementar-desconto-obrigatorio-da-contribuicao-sindical\/","title":{"rendered":"NOTA COMPLEMENTAR &#8211; DESCONTO OBRIGAT\u00d3RIO DA CONTRIBUI\u00c7\u00c3O SINDICAL"},"content":{"rendered":"<p style=\"text-align: justify\">O Sindicato dos Enfermeiros do Distrito Federal (SindEnfermeiro-DF) vem, por meio desta nota complementar, esclarecer mais alguns pontos a respeito do processo (N\u00ba 2009.01.1.144.905-3) <a href=\"http:\/\/www.sindenfermeiro.com.br\/index.php\/2018\/02\/14\/nota-de-esclarecimento-contribuicao-sindical\/\">promovido pelo SindSa\u00fade, que solicitou o desconto da Contribui\u00e7\u00e3o Sindical obrigat\u00f3ria de TODOS os servidores p\u00fablicos da SES, independente da categoria.<\/a><\/p>\n<p style=\"text-align: justify\">O SindEnfermeiro-DF gostaria de deixar claro que o imposto sindical abordado no processo \u00e9 legal, por se referir a um per\u00edodo retroativo e, portanto, anterior \u00e0 reforma que o tornou a colabora\u00e7\u00e3o opcional. \u00c9 importante mencionar ainda que, mesmo com respaldo legal, o Sindicato dos Enfermeiros do Distrito Federal nunca solicitou a dedu\u00e7\u00e3o desses valores apontados no processo em quest\u00e3o. No entanto, ao contr\u00e1rio do SindEnfermeiro-DF, o SindSa\u00fade &#8211; contrariando a unicidade sindical e o princ\u00edpio da livre associa\u00e7\u00e3o &#8211; ajuizou a a\u00e7\u00e3o, que j\u00e1 transitou em julgado.<\/p>\n<p style=\"text-align: justify\">O SindEnfermeiro-DF, desde a posse da atual gest\u00e3o, toma todas as medidas jur\u00eddicas para evitar o desconto. No entanto, a possibilidade de a Justi\u00e7a indeferir as duas peti\u00e7\u00f5es j\u00e1 protocoladas existe. Por esse motivo, oferecemos a medida administrativa da filia\u00e7\u00e3o para fortalecer o aspecto da livre associa\u00e7\u00e3o, que \u00e9 fundamental na tentativa de evitar o desconto.<\/p>\n<p style=\"text-align: justify\">O objetivo da iniciativa \u00e9 deixar claro \u00e0 Secretaria de Sa\u00fade que os enfermeiros optaram por n\u00e3o serem representados pelo SindSa\u00fade e que, portanto, n\u00e3o devem ter os valores descontados.<\/p>\n<p style=\"text-align: justify\">O SINDENFERMEIRO-DF N\u00c3O TEM INTERESSE NO DESCONTO E, MUITO MENOS, EM FILIA\u00c7\u00c3O COMPULS\u00d3RIA. Inclusive, justamente para n\u00e3o deixar nenhuma d\u00favida sobre isso, disponibilizamos &#8211; desde o primeiro momento &#8211; a declara\u00e7\u00e3o de quita\u00e7\u00e3o de valores.<\/p>\n<p style=\"text-align: justify\">Esse documento deixar\u00e1 claro que o servidor est\u00e1 quite com o SindEnfermeiro e, portanto, n\u00e3o h\u00e1 necessidade do desconto.<\/p>\n","protected":false},"excerpt":{"rendered":"<p>O Sindicato dos Enfermeiros do Distrito Federal (SindEnfermeiro-DF) vem, por meio desta nota complementar, esclarecer mais alguns pontos a respeito do processo (N\u00ba 2009.01.1.144.905-3) promovido pelo SindSa\u00fade, que solicitou o desconto da Contribui\u00e7\u00e3o Sindical obrigat\u00f3ria de TODOS os servidores p\u00fablicos da SES, independente da categoria. O SindEnfermeiro-DF gostaria de deixar claro que o imposto sindical [&hellip;]<\/p>\n","protected":false},"author":6,"featured_media":2170,"comment_status":"closed","ping_status":"closed","sticky":false,"template":"","format":"standard","meta":{"footnotes":""},"categories":[6,2],"tags":[],"class_list":["post-2169","post","type-post","status-publish","format-standard","has-post-thumbnail","hentry","category-noticias","category-teste"],"_links":{"self":[{"href":"https:\/\/sindenfermeiro.com.br\/index.php\/wp-json\/wp\/v2\/posts\/2169","targetHints":{"allow":["GET"]}}],"collection":[{"href":"https:\/\/sindenfermeiro.com.br\/index.php\/wp-json\/wp\/v2\/posts"}],"about":[{"href":"https:\/\/sindenfermeiro.com.br\/index.php\/wp-json\/wp\/v2\/types\/post"}],"author":[{"embeddable":true,"href":"https:\/\/sindenfermeiro.com.br\/index.php\/wp-json\/wp\/v2\/users\/6"}],"replies":[{"embeddable":true,"href":"https:\/\/sindenfermeiro.com.br\/index.php\/wp-json\/wp\/v2\/comments?post=2169"}],"version-history":[{"count":1,"href":"https:\/\/sindenfermeiro.com.br\/index.php\/wp-json\/wp\/v2\/posts\/2169\/revisions"}],"predecessor-version":[{"id":29399,"href":"https:\/\/sindenfermeiro.com.br\/index.php\/wp-json\/wp\/v2\/posts\/2169\/revisions\/29399"}],"wp:featuredmedia":[{"embeddable":true,"href":"https:\/\/sindenfermeiro.com.br\/index.php\/wp-json\/"}],"wp:attachment":[{"href":"https:\/\/sindenfermeiro.com.br\/index.php\/wp-json\/wp\/v2\/media?parent=2169"}],"wp:term":[{"taxonomy":"category","embeddable":true,"href":"https:\/\/sindenfermeiro.com.br\/index.php\/wp-json\/wp\/v2\/categories?post=2169"},{"taxonomy":"post_tag","embeddable":true,"href":"https:\/\/sindenfermeiro.com.br\/index.php\/wp-json\/wp\/v2\/tags?post=2169"}],"curies":[{"name":"wp","href":"https:\/\/api.w.org\/{rel}","templated":true}]}}