{"id":2132,"date":"2018-02-07T14:08:39","date_gmt":"2018-02-07T14:08:39","guid":{"rendered":"http:\/\/www.sindenfermeiro.com.br\/?p=2132"},"modified":"2026-04-29T17:50:32","modified_gmt":"2026-04-29T20:50:32","slug":"na-camara-legislativa-lider-do-governo-propoe-reestruturacao-do-plano-de-cargos-e-salarios-de-enfermeiros","status":"publish","type":"post","link":"https:\/\/sindenfermeiro.com.br\/index.php\/2018\/02\/07\/na-camara-legislativa-lider-do-governo-propoe-reestruturacao-do-plano-de-cargos-e-salarios-de-enfermeiros\/","title":{"rendered":"Na C\u00e2mara Legislativa, l\u00edder do Governo prop\u00f5e reestrutura\u00e7\u00e3o do Plano de Cargos e Sal\u00e1rios de enfermeiros"},"content":{"rendered":"<p style=\"text-align: justify\">Na \u00faltima ter\u00e7a (6), o l\u00edder do Governo na C\u00e2mara Legislativa (CLDF), Agaciel Maia (PR), protocolou proposta de reestrutura\u00e7\u00e3o do Plano de Cargos e Sal\u00e1rios de enfermeiros do Distrito Federal. A proposi\u00e7\u00e3o requer que os vencimentos b\u00e1sicos dos enfermeiros sejam equiparados aos dos cirurgi\u00f5es dentistas da Secretaria de Sa\u00fade (SES).<\/p>\n<p style=\"text-align: justify\">Agaciel esclareceu que o objetivo da iniciativa \u00e9 de fazer &#8220;justi\u00e7a&#8221;. &#8220;Estamos apresentando uma proposta equiparando os enfermeiros aos dentistas. Porque, por uma coisa pequena, por uma quest\u00e3o pessoal, os enfermeiros simplesmente foram preteridos, tendo a import\u00e2ncia que t\u00eam, na rede hospitalar do Distrito Federal&#8221;, explicou o deputado.<\/p>\n<p style=\"text-align: justify\">A proposi\u00e7\u00e3o destaca que, em 2000 &#8211; quando as carreiras (em n\u00edvel superior) de enfermeiro e cirurgi\u00e3o dentista foram criadas -, as duas categorias recebiam vencimentos equivalentes. No entanto, de l\u00e1 pra c\u00e1, em 17 anos, os &#8220;cirurgi\u00f5es dentistas tiveram sua carreira reestruturada ou alterada 5 vezes&#8221;, enquanto os enfermeiros passaram por apenas duas reestrutura\u00e7\u00f5es.<\/p>\n<div id=\"attachment_2134\" style=\"width: 510px\" class=\"wp-caption aligncenter\"><img loading=\"lazy\" decoding=\"async\" aria-describedby=\"caption-attachment-2134\" class=\"wp-image-2134\" src=\"http:\/\/www.sindenfermeiro.com.br\/wp-content\/uploads\/2018\/02\/MG_4467.jpg\" alt=\"\" width=\"500\" height=\"333\" \/><p id=\"caption-attachment-2134\" class=\"wp-caption-text\"><span style=\"font-size: 8pt\"><em>L\u00edder do Governo, Agaciel Maia (PR) protocola pedido de isonomia salarial para enfermeiros do DF<\/em><\/span><\/p><\/div>\n<p style=\"text-align: justify\">O que, assim como o l\u00edder do Governo exp\u00f5e na proposta de equipara\u00e7\u00e3o, &#8220;permitiu que houvesse essa disparidade salarial&#8221; entre os profissionais (40h). &#8220;Durante muitos anos, os valores das tabelas salariais da Secretaria de Sa\u00fade entre enfermeiros e cirurgi\u00f5es dentistas foram equivalentes, com o passar dos anos, os dentistas obtiveram aumentos superiores aos concedidos aos enfermeiros&#8221;, lembra o deputado.<\/p>\n<p style=\"text-align: justify\">Agaciel afirma que a isonomia salarial requerida corrigiria &#8220;uma grande injusti\u00e7a que paira, na rede p\u00fablica de sa\u00fade do Distrito Federal&#8221;. O deputado destaca tamb\u00e9m que o impacto financeiro ocasionado pela isonomia ser\u00e1 &#8220;irris\u00f3rio&#8221;, com um aumento de &#8220;apenas 2,84%, na folha&#8221;.<\/p>\n<p style=\"text-align: justify\"><strong>Apoio e indigna\u00e7\u00e3o com piso atual<\/strong><\/p>\n<p style=\"text-align: justify\">Chico Vigilante (PT) e Wasny de Roure (PT) apoiaram o encaminhamento da proposta e se posicionaram a favor da fixa\u00e7\u00e3o de um piso salarial para os enfermeiros da rede privada. &#8220;Quero contar com o apoio da Casa, no sentido de fixarmos um piso salarial para os enfermeiros do Distrito Federal. Porque n\u00e3o \u00e9 correto. Voc\u00ea sabe quanto ganha um enfermeiro da rede privada? 1.700 reais&#8221;, disse Vigilante.<\/p>\n<p style=\"text-align: justify\">O deputado lembrou que os profissionais da rede particular de sa\u00fade trabalham em regime de &#8220;semi-escravid\u00e3o&#8221;, tendo em vista a import\u00e2ncia da fun\u00e7\u00e3o que desempenham. O parlamentar tamb\u00e9m destacou o enriquecimento dos hospitais particulares do DF, atrav\u00e9s da explora\u00e7\u00e3o da m\u00e3o-de-obra da enfermagem. &#8220;As redes cada dia ficam mais ricas. Cada dia mais crescem. Qualquer procedimento, veja o pre\u00e7o que \u00e9. A gente que paga plano de sa\u00fade sabe. Entretanto, pagam essa mis\u00e9ria para os profissionais&#8221;, disse Chico.<\/p>\n<div id=\"attachment_2133\" style=\"width: 510px\" class=\"wp-caption aligncenter\"><img loading=\"lazy\" decoding=\"async\" aria-describedby=\"caption-attachment-2133\" class=\"wp-image-2133\" src=\"http:\/\/www.sindenfermeiro.com.br\/wp-content\/uploads\/2018\/02\/MG_4448.jpg\" alt=\"\" width=\"500\" height=\"333\" \/><p id=\"caption-attachment-2133\" class=\"wp-caption-text\"><span style=\"font-size: 8pt\"><em>Deputado Chico Vigilante (PT) pede a fixa\u00e7\u00e3o de piso salarial para enfermeiros da rede privada<\/em><\/span><\/p><\/div>\n<p style=\"text-align: justify\">Wasny de Roure assumiu o compromisso de contribuir para que a isonomia seja implementada. &#8220;\u00c9 uma carreira que serve a popula\u00e7\u00e3o no momento de maior vulnerabilidade da sua sa\u00fade. Eu quero ter o privil\u00e9gio de dar minha contribui\u00e7\u00e3o, nesse processo.&#8221;<\/p>\n<p style=\"text-align: justify\"><strong>Andamento do processo<\/strong><\/p>\n<p style=\"text-align: justify\">A indica\u00e7\u00e3o do l\u00edder do Governo, na C\u00e2mara, foi encaminhada ao Executivo local. O Governo do Distrito Federal (GDF), juntamente da Secretaria de Planejamento e Or\u00e7amento (SEPLAN) est\u00e1 encarregado de encaminhar a equipara\u00e7\u00e3o para que o Legislativo vote a implementa\u00e7\u00e3o.<\/p>\n","protected":false},"excerpt":{"rendered":"<p>Na \u00faltima ter\u00e7a (6), o l\u00edder do Governo na C\u00e2mara Legislativa (CLDF), Agaciel Maia (PR), protocolou proposta de reestrutura\u00e7\u00e3o do Plano de Cargos e Sal\u00e1rios de enfermeiros do Distrito Federal. A proposi\u00e7\u00e3o requer que os vencimentos b\u00e1sicos dos enfermeiros sejam equiparados aos dos cirurgi\u00f5es dentistas da Secretaria de Sa\u00fade (SES). Agaciel esclareceu que o objetivo [&hellip;]<\/p>\n","protected":false},"author":6,"featured_media":2134,"comment_status":"closed","ping_status":"closed","sticky":false,"template":"","format":"standard","meta":{"footnotes":""},"categories":[6,2],"tags":[],"class_list":["post-2132","post","type-post","status-publish","format-standard","has-post-thumbnail","hentry","category-noticias","category-teste"],"_links":{"self":[{"href":"https:\/\/sindenfermeiro.com.br\/index.php\/wp-json\/wp\/v2\/posts\/2132","targetHints":{"allow":["GET"]}}],"collection":[{"href":"https:\/\/sindenfermeiro.com.br\/index.php\/wp-json\/wp\/v2\/posts"}],"about":[{"href":"https:\/\/sindenfermeiro.com.br\/index.php\/wp-json\/wp\/v2\/types\/post"}],"author":[{"embeddable":true,"href":"https:\/\/sindenfermeiro.com.br\/index.php\/wp-json\/wp\/v2\/users\/6"}],"replies":[{"embeddable":true,"href":"https:\/\/sindenfermeiro.com.br\/index.php\/wp-json\/wp\/v2\/comments?post=2132"}],"version-history":[{"count":1,"href":"https:\/\/sindenfermeiro.com.br\/index.php\/wp-json\/wp\/v2\/posts\/2132\/revisions"}],"predecessor-version":[{"id":19396,"href":"https:\/\/sindenfermeiro.com.br\/index.php\/wp-json\/wp\/v2\/posts\/2132\/revisions\/19396"}],"wp:featuredmedia":[{"embeddable":true,"href":"https:\/\/sindenfermeiro.com.br\/index.php\/wp-json\/"}],"wp:attachment":[{"href":"https:\/\/sindenfermeiro.com.br\/index.php\/wp-json\/wp\/v2\/media?parent=2132"}],"wp:term":[{"taxonomy":"category","embeddable":true,"href":"https:\/\/sindenfermeiro.com.br\/index.php\/wp-json\/wp\/v2\/categories?post=2132"},{"taxonomy":"post_tag","embeddable":true,"href":"https:\/\/sindenfermeiro.com.br\/index.php\/wp-json\/wp\/v2\/tags?post=2132"}],"curies":[{"name":"wp","href":"https:\/\/api.w.org\/{rel}","templated":true}]}}