{"id":2125,"date":"2018-01-22T17:35:30","date_gmt":"2018-01-22T17:35:30","guid":{"rendered":"http:\/\/www.sindenfermeiro.com.br\/?p=2125"},"modified":"2026-04-29T17:47:46","modified_gmt":"2026-04-29T20:47:46","slug":"comunicado-afastamento-de-adriana-andrade-diretora-juridica","status":"publish","type":"post","link":"https:\/\/sindenfermeiro.com.br\/index.php\/2018\/01\/22\/comunicado-afastamento-de-adriana-andrade-diretora-juridica\/","title":{"rendered":"COMUNICADO:  Afastamento de Adriana Andrade, diretora jur\u00eddica"},"content":{"rendered":"<p style=\"text-align: justify\">O Sindicato dos Enfermeiros do Distrito Federal (SindEnfermeiro-DF) comunica o afastamento da diretora jur\u00eddica Adriana Andrade, em fun\u00e7\u00e3o de sua nomea\u00e7\u00e3o como gerente de enfermagem do Hospital Regional da Asa Norte (HRAN), publicada no Di\u00e1rio Oficial do Distrito Federal do \u00faltimo dia 9 de janeiro (DODF n\u00ba 006).<\/p>\n<p style=\"text-align: justify\">O afastamento foi decido em colegiado, considerando a diverg\u00eancia de interesses \u00e9ticos e pol\u00edticos entre as fun\u00e7\u00f5es desempenhadas.<\/p>\n<p style=\"text-align: justify\">O SindEnfermeiro deseja sorte e agradece Adriana Andrade pelos servi\u00e7os prestados e por todo o empenho dispensado at\u00e9 o momento em que exerceu o cargo de diretora jur\u00eddica do sindicato.<\/p>\n<div id=\"attachment_2126\" style=\"width: 510px\" class=\"wp-caption aligncenter\"><img loading=\"lazy\" decoding=\"async\" aria-describedby=\"caption-attachment-2126\" class=\"wp-image-2126\" src=\"http:\/\/www.sindenfermeiro.com.br\/wp-content\/uploads\/2018\/01\/MG_2759-1.jpg\" alt=\"\" width=\"500\" height=\"367\" \/><p id=\"caption-attachment-2126\" class=\"wp-caption-text\"><em>Adriana Andrade se afasta do SindEnfermeiro, em fun\u00e7\u00e3o de nomea\u00e7\u00e3o como gerente de enfermagem do HRAN <\/em><\/p><\/div>\n","protected":false},"excerpt":{"rendered":"<p>O Sindicato dos Enfermeiros do Distrito Federal (SindEnfermeiro-DF) comunica o afastamento da diretora jur\u00eddica Adriana Andrade, em fun\u00e7\u00e3o de sua nomea\u00e7\u00e3o como gerente de enfermagem do Hospital Regional da Asa Norte (HRAN), publicada no Di\u00e1rio Oficial do Distrito Federal do \u00faltimo dia 9 de janeiro (DODF n\u00ba 006). O afastamento foi decido em colegiado, considerando [&hellip;]<\/p>\n","protected":false},"author":6,"featured_media":2126,"comment_status":"closed","ping_status":"closed","sticky":false,"template":"","format":"standard","meta":{"footnotes":""},"categories":[6,2],"tags":[],"class_list":["post-2125","post","type-post","status-publish","format-standard","has-post-thumbnail","hentry","category-noticias","category-teste"],"_links":{"self":[{"href":"https:\/\/sindenfermeiro.com.br\/index.php\/wp-json\/wp\/v2\/posts\/2125","targetHints":{"allow":["GET"]}}],"collection":[{"href":"https:\/\/sindenfermeiro.com.br\/index.php\/wp-json\/wp\/v2\/posts"}],"about":[{"href":"https:\/\/sindenfermeiro.com.br\/index.php\/wp-json\/wp\/v2\/types\/post"}],"author":[{"embeddable":true,"href":"https:\/\/sindenfermeiro.com.br\/index.php\/wp-json\/wp\/v2\/users\/6"}],"replies":[{"embeddable":true,"href":"https:\/\/sindenfermeiro.com.br\/index.php\/wp-json\/wp\/v2\/comments?post=2125"}],"version-history":[{"count":1,"href":"https:\/\/sindenfermeiro.com.br\/index.php\/wp-json\/wp\/v2\/posts\/2125\/revisions"}],"predecessor-version":[{"id":18207,"href":"https:\/\/sindenfermeiro.com.br\/index.php\/wp-json\/wp\/v2\/posts\/2125\/revisions\/18207"}],"wp:featuredmedia":[{"embeddable":true,"href":"https:\/\/sindenfermeiro.com.br\/index.php\/wp-json\/"}],"wp:attachment":[{"href":"https:\/\/sindenfermeiro.com.br\/index.php\/wp-json\/wp\/v2\/media?parent=2125"}],"wp:term":[{"taxonomy":"category","embeddable":true,"href":"https:\/\/sindenfermeiro.com.br\/index.php\/wp-json\/wp\/v2\/categories?post=2125"},{"taxonomy":"post_tag","embeddable":true,"href":"https:\/\/sindenfermeiro.com.br\/index.php\/wp-json\/wp\/v2\/tags?post=2125"}],"curies":[{"name":"wp","href":"https:\/\/api.w.org\/{rel}","templated":true}]}}