{"id":2114,"date":"2018-01-19T19:46:25","date_gmt":"2018-01-19T19:46:25","guid":{"rendered":"http:\/\/www.sindenfermeiro.com.br\/?p=2114"},"modified":"2026-04-29T17:48:50","modified_gmt":"2026-04-29T20:48:50","slug":"sindenfermeiro-acompanha-protesto-contra-o-assedio-moral-no-hrt","status":"publish","type":"post","link":"https:\/\/sindenfermeiro.com.br\/index.php\/2018\/01\/19\/sindenfermeiro-acompanha-protesto-contra-o-assedio-moral-no-hrt\/","title":{"rendered":"SindEnfermeiro acompanha protesto contra o ass\u00e9dio moral no HRT"},"content":{"rendered":"<p style=\"text-align: justify\">Nessa sexta (19), o SindEnfermeiro acompanhou protesto da equipe de enfermagem do Hospital Regional de Taguatinga (HRT) contra o ass\u00e9dio moral o abandono do servi\u00e7o p\u00fablico de sa\u00fade. Enfermeiros se reuniram em frente ao pronto-socorro do hospital, com faixas, e uniram as vozes contra poss\u00edveis repres\u00e1lias praticadas pelas chefias e tamb\u00e9m por melhores condi\u00e7\u00f5es de trabalho.<\/p>\n<p style=\"text-align: justify\">O protesto acontece em meio a remo\u00e7\u00e3o &#8211; da emerg\u00eancia para o centro cir\u00fargico &#8211; de um enfermeiro, ap\u00f3s expor as condi\u00e7\u00f5es em que os pacientes s\u00e3o atendidos &#8211; por falta de estrutura, material e RH &#8211; e pedir provid\u00eancias \u00e0 Ger\u00eancia de Enfermagem e \u00e0 Superintend\u00eancia da regi\u00e3o sudoeste. De acordo com profissionais, a remo\u00e7\u00e3o teria sido arbitr\u00e1ria.<\/p>\n<p><img loading=\"lazy\" decoding=\"async\" class=\"aligncenter wp-image-2115\" src=\"http:\/\/www.sindenfermeiro.com.br\/wp-content\/uploads\/2018\/01\/MG_4194.jpg\" alt=\"\" width=\"498\" height=\"332\" \/><\/p>\n<p style=\"text-align: justify\">Em of\u00edcio, a gerente de enfermagem, Lucivane Julia de Queiroz alega que a unidade de pronto socorro seria &#8220;altamente insalubre ao servidor&#8221; e que o objetivo da remo\u00e7\u00e3o seria &#8220;evitar futuros preju\u00edzos a sa\u00fade&#8221; do enfermeiro.<\/p>\n<p style=\"text-align: justify\">O profissional pediu para n\u00e3o ter o nome revelado, em virtude de poss\u00edveis complica\u00e7\u00f5es aos desdobramentos do caso. No entanto, funcion\u00e1rios afirmam que o servidor n\u00e3o possui nenhum problema de sa\u00fade que o impe\u00e7a de exercer sua fun\u00e7\u00e3o.<\/p>\n<p style=\"text-align: justify\">Ao contr\u00e1rio do que \u00e9 alegado pela chefia, funcion\u00e1rios e pacientes do HRT afirmam que o profissional \u00e9 fundamental para que a assist\u00eancia m\u00ednima seja prestada, no pronto-socorro do hospital.<\/p>\n<p style=\"text-align: justify\">Girlene dos Santos (52), chegou ao HRT acompanhando a m\u00e3e, Leonor da Concei\u00e7\u00e3o, vindas de Santo Antonio Descoberto. De acordo com Girlene, o enfermeiro fez todos os esfor\u00e7os e procedimentos necess\u00e1rios para que Leonor, aos 77 anos, fosse atendida, com uma fratura na perna.<\/p>\n<p style=\"text-align: justify\">Funcion\u00e1rios afirmam que, assim como no caso de Leonor, o enfermeiro busca prestar assist\u00eancias a todos os pacientes (principalmente os mais graves), mesmo diante da falta de recursos, insumos, materiais e de RH do hospital.<\/p>\n<p><img loading=\"lazy\" decoding=\"async\" class=\"aligncenter wp-image-2116\" src=\"http:\/\/www.sindenfermeiro.com.br\/wp-content\/uploads\/2018\/01\/IMG_4228.jpg\" alt=\"\" width=\"509\" height=\"339\" \/><\/p>\n<p style=\"text-align: justify\">O hospital sofre com superlota\u00e7\u00e3o, al\u00e9m de falta de leitos e profissionais para atendimento. Pela unidade, pacientes espalham-se pelo ch\u00e3o e l\u00e1 ficam por at\u00e9 4 dias, a espera de atendimento.<\/p>\n<p style=\"text-align: justify\">Segundo os colegas de trabalho, o enfermeiro foi removido, justamente, pela dedica\u00e7\u00e3o integral que tem aos pacientes. O que o levou a expor &#8211; para a chefia &#8211; as condi\u00e7\u00f5es desumanas a que cidad\u00e3os se sujeitam, no HRT.<\/p>\n<p style=\"text-align: justify\"><strong>Volta pra casa sem atendimento<\/strong><\/p>\n<p style=\"text-align: justify\">Enquanto estivemos no pronto-socorro, diversos pacientes chegaram ao hospital e sa\u00edram por falta de atendimento. Naiara de Paula (28), levou o namorado ao HRT depois de j\u00e1 ter ido ao Hospital de Ceil\u00e2ndia. &#8220;Ele est\u00e1 com febre alt\u00edssima, que n\u00e3o passa, e muita dor nas costas. Isso, j\u00e1 h\u00e1 3 dias. L\u00e1 n\u00e3o tem atendimento tamb\u00e9m (em Ceil\u00e2ndia). Pediram para vir pra c\u00e1. Chegamos aqui e tamb\u00e9m n\u00e3o tem atendimento&#8221;, disse apressada para encontrar uma solu\u00e7\u00e3o para o caso.<\/p>\n<p style=\"text-align: justify\">Jarbas, com problemas na coluna, tamb\u00e9m voltou para casa sem ser atendido. &#8220;Voc\u00ea n\u00e3o anda. Voc\u00ea n\u00e3o senta. Voc\u00ea n\u00e3o consegue fazer nada. J\u00e1 fomos a v\u00e1rios hospitais de Bras\u00edlia. Em nenhum conseguimos atendimento. Viemos do Parano\u00e1. Vamos voltar \u00e0 noite para ver se tem alguma coisa&#8221;, contou j\u00e1 querendo ir embora em fun\u00e7\u00e3o da dor que sentia.<\/p>\n<p><img loading=\"lazy\" decoding=\"async\" class=\"aligncenter wp-image-2120\" src=\"http:\/\/www.sindenfermeiro.com.br\/wp-content\/uploads\/2018\/01\/MG_4332.jpg\" alt=\"\" width=\"547\" height=\"364\" \/><\/p>\n<p style=\"text-align: justify\"><strong>Reuni\u00e3o com a chefia<\/strong><\/p>\n<p style=\"text-align: justify\">O SindEnfermeiro solicitou reuni\u00e3o com a Superintend\u00eancia, Diretoria e Ger\u00eancia de Enfermagem, com o objetivo de ouvir a chefia sobre a situa\u00e7\u00e3o e buscar uma solu\u00e7\u00e3o para que setor de emerg\u00eancia, profissional e, principalmente, pacientes n\u00e3o sejam ainda mais prejudicados, diante de toda a falta de estrutura que o hospital apresenta. O sindicato tamb\u00e9m busca, na Justi\u00e7a, tutela de urg\u00eancia para que o servidor n\u00e3o seja removido arbitrariamente.<\/p>\n","protected":false},"excerpt":{"rendered":"<p>Nessa sexta (19), o SindEnfermeiro acompanhou protesto da equipe de enfermagem do Hospital Regional de Taguatinga (HRT) contra o ass\u00e9dio moral o abandono do servi\u00e7o p\u00fablico de sa\u00fade. Enfermeiros se reuniram em frente ao pronto-socorro do hospital, com faixas, e uniram as vozes contra poss\u00edveis repres\u00e1lias praticadas pelas chefias e tamb\u00e9m por melhores condi\u00e7\u00f5es de [&hellip;]<\/p>\n","protected":false},"author":6,"featured_media":2115,"comment_status":"closed","ping_status":"closed","sticky":false,"template":"","format":"standard","meta":{"footnotes":""},"categories":[6,2],"tags":[],"class_list":["post-2114","post","type-post","status-publish","format-standard","has-post-thumbnail","hentry","category-noticias","category-teste"],"_links":{"self":[{"href":"https:\/\/sindenfermeiro.com.br\/index.php\/wp-json\/wp\/v2\/posts\/2114","targetHints":{"allow":["GET"]}}],"collection":[{"href":"https:\/\/sindenfermeiro.com.br\/index.php\/wp-json\/wp\/v2\/posts"}],"about":[{"href":"https:\/\/sindenfermeiro.com.br\/index.php\/wp-json\/wp\/v2\/types\/post"}],"author":[{"embeddable":true,"href":"https:\/\/sindenfermeiro.com.br\/index.php\/wp-json\/wp\/v2\/users\/6"}],"replies":[{"embeddable":true,"href":"https:\/\/sindenfermeiro.com.br\/index.php\/wp-json\/wp\/v2\/comments?post=2114"}],"version-history":[{"count":1,"href":"https:\/\/sindenfermeiro.com.br\/index.php\/wp-json\/wp\/v2\/posts\/2114\/revisions"}],"predecessor-version":[{"id":32068,"href":"https:\/\/sindenfermeiro.com.br\/index.php\/wp-json\/wp\/v2\/posts\/2114\/revisions\/32068"}],"wp:featuredmedia":[{"embeddable":true,"href":"https:\/\/sindenfermeiro.com.br\/index.php\/wp-json\/"}],"wp:attachment":[{"href":"https:\/\/sindenfermeiro.com.br\/index.php\/wp-json\/wp\/v2\/media?parent=2114"}],"wp:term":[{"taxonomy":"category","embeddable":true,"href":"https:\/\/sindenfermeiro.com.br\/index.php\/wp-json\/wp\/v2\/categories?post=2114"},{"taxonomy":"post_tag","embeddable":true,"href":"https:\/\/sindenfermeiro.com.br\/index.php\/wp-json\/wp\/v2\/tags?post=2114"}],"curies":[{"name":"wp","href":"https:\/\/api.w.org\/{rel}","templated":true}]}}