{"id":209,"date":"2016-11-22T20:27:09","date_gmt":"2016-11-22T20:27:09","guid":{"rendered":"http:\/\/www.sindenfermeiro.com.br\/?p=209"},"modified":"2026-04-29T06:58:32","modified_gmt":"2026-04-29T09:58:32","slug":"agradecimento-pelo-baile-dos-enfermeiros","status":"publish","type":"post","link":"https:\/\/sindenfermeiro.com.br\/index.php\/2016\/11\/22\/agradecimento-pelo-baile-dos-enfermeiros\/","title":{"rendered":"Agradecimento pelo Baile dos Enfermeiros"},"content":{"rendered":"<p style=\"text-align: justify\"><span style=\"font-size: 14pt\">O SindEnfermeiro agradece imensamente aos que celebraram, junto conosco, o Baile dos Enfermeiros, no \u00faltimo s\u00e1bado (19). A festa contou com mais de 2 mil pessoas, celebrando um novo horizonte, de mais dignidade, para os profissionais da sa\u00fade do DF.<\/span><\/p>\n<p style=\"text-align: justify\"><span style=\"font-size: 14pt\">Estendemos os agradecimentos a todas as pessoas que estiveram envolvidas na organiza\u00e7\u00e3o do evento, acompanhantes de convidados, familiares e autoridades presentes.<\/span><\/p>\n<p style=\"text-align: justify\"><span style=\"font-size: 14pt\">Continuaremos celebrando mas, principalmente, trabalhando forte por melhorias na vida de cada enfermeiro do Distrito Federal.<\/span><\/p>\n<p style=\"text-align: justify\"><span style=\"font-size: 14pt\">Em breve, as fotos do baile estar\u00e3o dispon\u00edveis para todos.<\/span><\/p>\n<p><img loading=\"lazy\" decoding=\"async\" class=\"alignnone size-full wp-image-210\" src=\"http:\/\/www.sindenfermeiro.com.br\/wp-content\/uploads\/2016\/11\/BAILE-DOS-ENFERMEIROS-2.png\" alt=\"BAILE DOS ENFERMEIROS 2\" width=\"800\" height=\"533\" \/><\/p>\n<p>&nbsp;<\/p>\n","protected":false},"excerpt":{"rendered":"<p>O SindEnfermeiro agradece imensamente aos que celebraram, junto conosco, o Baile dos Enfermeiros, no \u00faltimo s\u00e1bado (19). A festa contou com mais de 2 mil pessoas, celebrando um novo horizonte, de mais dignidade, para os profissionais da sa\u00fade do DF. Estendemos os agradecimentos a todas as pessoas que estiveram envolvidas na organiza\u00e7\u00e3o do evento, acompanhantes [&hellip;]<\/p>\n","protected":false},"author":6,"featured_media":0,"comment_status":"closed","ping_status":"closed","sticky":false,"template":"","format":"standard","meta":{"footnotes":""},"categories":[6,2],"tags":[],"class_list":["post-209","post","type-post","status-publish","format-standard","hentry","category-noticias","category-teste"],"_links":{"self":[{"href":"https:\/\/sindenfermeiro.com.br\/index.php\/wp-json\/wp\/v2\/posts\/209","targetHints":{"allow":["GET"]}}],"collection":[{"href":"https:\/\/sindenfermeiro.com.br\/index.php\/wp-json\/wp\/v2\/posts"}],"about":[{"href":"https:\/\/sindenfermeiro.com.br\/index.php\/wp-json\/wp\/v2\/types\/post"}],"author":[{"embeddable":true,"href":"https:\/\/sindenfermeiro.com.br\/index.php\/wp-json\/wp\/v2\/users\/6"}],"replies":[{"embeddable":true,"href":"https:\/\/sindenfermeiro.com.br\/index.php\/wp-json\/wp\/v2\/comments?post=209"}],"version-history":[{"count":1,"href":"https:\/\/sindenfermeiro.com.br\/index.php\/wp-json\/wp\/v2\/posts\/209\/revisions"}],"predecessor-version":[{"id":36804,"href":"https:\/\/sindenfermeiro.com.br\/index.php\/wp-json\/wp\/v2\/posts\/209\/revisions\/36804"}],"wp:attachment":[{"href":"https:\/\/sindenfermeiro.com.br\/index.php\/wp-json\/wp\/v2\/media?parent=209"}],"wp:term":[{"taxonomy":"category","embeddable":true,"href":"https:\/\/sindenfermeiro.com.br\/index.php\/wp-json\/wp\/v2\/categories?post=209"},{"taxonomy":"post_tag","embeddable":true,"href":"https:\/\/sindenfermeiro.com.br\/index.php\/wp-json\/wp\/v2\/tags?post=209"}],"curies":[{"name":"wp","href":"https:\/\/api.w.org\/{rel}","templated":true}]}}