{"id":2082,"date":"2018-01-17T20:05:13","date_gmt":"2018-01-17T20:05:13","guid":{"rendered":"http:\/\/www.sindenfermeiro.com.br\/?p=2082"},"modified":"2026-04-29T17:47:33","modified_gmt":"2026-04-29T20:47:33","slug":"orientacoes-para-recebimento-de-gmov-suspensa-em-2012","status":"publish","type":"post","link":"https:\/\/sindenfermeiro.com.br\/index.php\/2018\/01\/17\/orientacoes-para-recebimento-de-gmov-suspensa-em-2012\/","title":{"rendered":"Orienta\u00e7\u00f5es para recebimento de GMOV suspensa em 2012"},"content":{"rendered":"<p style=\"text-align: justify\">Informamos que os enfermeiros contemplados com o pagamento da Gratifica\u00e7\u00e3o de Movimenta\u00e7\u00e3o (GMOV) &#8211; suspensa no per\u00edodo de maio de 2012 a mar\u00e7o de 2013 &#8211; devem apresentar (via email ou pessoalmente), ao SindEnfermeiro, declara\u00e7\u00e3o (assinada de pr\u00f3prio punho), at\u00e9 a pr\u00f3xima sexta (19). O documento \u00e9 fundamental na comprova\u00e7\u00e3o do direito \u00e0 restitui\u00e7\u00e3o da GMOV a ser feita pelo Distrito Federal.<\/p>\n<p style=\"text-align: justify\"><strong>Entenda o caso<\/strong><\/p>\n<p style=\"text-align: justify\">Em 2012, o SindEnfermeiro impetrou mandado de seguran\u00e7a contra a suspens\u00e3o da Gratifica\u00e7\u00e3o de Movimenta\u00e7\u00e3o (GMOV). A gratifica\u00e7\u00e3o deveria ser paga a todos os enfermeiros que residiam em Regi\u00e3o Administrativa ou cidade diferente da localidade onde trabalhava.<\/p>\n<p style=\"text-align: justify\">Em 2013, o Distrito Federal foi condenado a pagar os valores referentes \u00e0 gratifica\u00e7\u00e3o suspensa. \u201cDever\u00e1 a autoridade coatora (Distrito Federal) devolver aos substitu\u00eddos do sindicato-impetrante os valores suprimidos de seus contracheques a t\u00edtulo de GMOV, a contar de 11\/05\/2012, com incid\u00eancia de corre\u00e7\u00e3o monet\u00e1ria pelo INPC e juros de mora&#8221;, decidiu-se.<\/p>\n<p style=\"text-align: justify\">Com a decis\u00e3o (cuja qual n\u00e3o cabia recurso), o recebimento da GMOV &#8211; do per\u00edodo de maio de 2012 a mar\u00e7o de 2013 &#8211; tornou-se direito adquirido de todos os enfermeiros prejudicados pela suspens\u00e3o da gratifica\u00e7\u00e3o.<\/p>\n<p style=\"text-align: justify\">Desde junho de 2017, o SindEnfermeiro promove a\u00e7\u00e3o (PJE n\u00ba 0706097-56.2017.8.07.0018) de Cumprimento de Senten\u00e7a contra o Distrito Federal para que sejam definidos os valores que ser\u00e3o pagos aos Enfermeiros prejudicados. (Voc\u00ea pode conferir se parte da lista de beneficiados acessando o site do <a href=\"http:\/\/www.tjdft.jus.br\">TJDFT<\/a> e procurando pelo referido processo), ou entrando em contato com o sindicato).<\/p>\n<p style=\"text-align: justify\">No entanto, apesar de utilizarmos uma listagem com endere\u00e7os de benefici\u00e1rios fornecida pelo pr\u00f3prio Distrito Federal, o ju\u00edz solicita que cada enfermeiro ateste os locais onde morava e trabalhava \u00e0 \u00e9poca, para que o benef\u00edcio seja restitu\u00eddo.<\/p>\n<p style=\"text-align: justify\">Nesse sentido, o SindEnfermeiro entende que a declara\u00e7\u00e3o &#8211; em conjunto com a lista j\u00e1 obtida &#8211; n\u00e3o deixar\u00e1 d\u00favidas da proced\u00eancia dos direitos de cada enfermeiro envolvido na a\u00e7\u00e3o.<\/p>\n<p>A seguir, baixe a declara\u00e7\u00e3o e as orienta\u00e7\u00f5es de preenchimento. Caso n\u00e3o possa entregar o documento pessoalmente, o envio deve ser feito via email para diretoriajuridicase@gmail.com.<\/p>\n<p><a href=\"http:\/\/www.sindenfermeiro.com.br\/wp-content\/uploads\/2018\/01\/ORIENTA\u00c7\u00d5ES.docx\">ORIENTA\u00c7\u00d5ES<\/a><\/p>\n<p><a href=\"http:\/\/www.sindenfermeiro.com.br\/wp-content\/uploads\/2018\/01\/DECLARA\u00c7\u00c3O.docx\">DECLARA\u00c7\u00c3O<\/a><\/p>\n<p><strong>&#8212;&#8211;<\/strong><\/p>\n<p><strong>ENDERE\u00c7O DO SINDICATO:<\/strong> Sede SindEnfermeiro\/DF \u2013 Bloco H \u2013 Loja 02, Scln 714 \u2013 Asa Norte<\/p>\n<p><strong>HOR\u00c1RIO DE FUNCIONAMENTO:<\/strong> De 9h \u00e0s 18h<\/p>\n<p><strong>CONTATO:<\/strong> (61) 3273-0307 | 3349-8233<\/p>\n","protected":false},"excerpt":{"rendered":"<p>Informamos que os enfermeiros contemplados com o pagamento da Gratifica\u00e7\u00e3o de Movimenta\u00e7\u00e3o (GMOV) &#8211; suspensa no per\u00edodo de maio de 2012 a mar\u00e7o de 2013 &#8211; devem apresentar (via email ou pessoalmente), ao SindEnfermeiro, declara\u00e7\u00e3o (assinada de pr\u00f3prio punho), at\u00e9 a pr\u00f3xima sexta (19). O documento \u00e9 fundamental na comprova\u00e7\u00e3o do direito \u00e0 restitui\u00e7\u00e3o da [&hellip;]<\/p>\n","protected":false},"author":6,"featured_media":2087,"comment_status":"closed","ping_status":"closed","sticky":false,"template":"","format":"standard","meta":{"footnotes":""},"categories":[6,2],"tags":[],"class_list":["post-2082","post","type-post","status-publish","format-standard","has-post-thumbnail","hentry","category-noticias","category-teste"],"_links":{"self":[{"href":"https:\/\/sindenfermeiro.com.br\/index.php\/wp-json\/wp\/v2\/posts\/2082","targetHints":{"allow":["GET"]}}],"collection":[{"href":"https:\/\/sindenfermeiro.com.br\/index.php\/wp-json\/wp\/v2\/posts"}],"about":[{"href":"https:\/\/sindenfermeiro.com.br\/index.php\/wp-json\/wp\/v2\/types\/post"}],"author":[{"embeddable":true,"href":"https:\/\/sindenfermeiro.com.br\/index.php\/wp-json\/wp\/v2\/users\/6"}],"replies":[{"embeddable":true,"href":"https:\/\/sindenfermeiro.com.br\/index.php\/wp-json\/wp\/v2\/comments?post=2082"}],"version-history":[{"count":1,"href":"https:\/\/sindenfermeiro.com.br\/index.php\/wp-json\/wp\/v2\/posts\/2082\/revisions"}],"predecessor-version":[{"id":36822,"href":"https:\/\/sindenfermeiro.com.br\/index.php\/wp-json\/wp\/v2\/posts\/2082\/revisions\/36822"}],"wp:featuredmedia":[{"embeddable":true,"href":"https:\/\/sindenfermeiro.com.br\/index.php\/wp-json\/"}],"wp:attachment":[{"href":"https:\/\/sindenfermeiro.com.br\/index.php\/wp-json\/wp\/v2\/media?parent=2082"}],"wp:term":[{"taxonomy":"category","embeddable":true,"href":"https:\/\/sindenfermeiro.com.br\/index.php\/wp-json\/wp\/v2\/categories?post=2082"},{"taxonomy":"post_tag","embeddable":true,"href":"https:\/\/sindenfermeiro.com.br\/index.php\/wp-json\/wp\/v2\/tags?post=2082"}],"curies":[{"name":"wp","href":"https:\/\/api.w.org\/{rel}","templated":true}]}}