{"id":2073,"date":"2018-01-16T14:50:53","date_gmt":"2018-01-16T14:50:53","guid":{"rendered":"http:\/\/www.sindenfermeiro.com.br\/?p=2073"},"modified":"2026-04-29T17:49:41","modified_gmt":"2026-04-29T20:49:41","slug":"sindenfermeiro-garante-nomeacao-de-200-enfermeiros-e-36-milhoes-de-pecunias-para-saude","status":"publish","type":"post","link":"https:\/\/sindenfermeiro.com.br\/index.php\/2018\/01\/16\/sindenfermeiro-garante-nomeacao-de-200-enfermeiros-e-36-milhoes-de-pecunias-para-saude\/","title":{"rendered":"SindEnfermeiro garante nomea\u00e7\u00e3o de 200 enfermeiros e 36 milh\u00f5es de pec\u00fanias para Sa\u00fade"},"content":{"rendered":"<p style=\"text-align: justify\">Na \u00faltima segunda (15), o SindEnfermeiro garantiu, junto \u00e0 C\u00e2mara Legislativa (CLDF), a nomea\u00e7\u00e3o de 200 enfermeiros, para 2018. A emenda que garante as convoca\u00e7\u00f5es faz parte do Projeto de Lei 1884\/18, que destina R$ 123,5 milh\u00f5es \u00e0 nomea\u00e7\u00e3o de concursados.<\/p>\n<p style=\"text-align: justify\">O Projeto n\u00e3o previa a convoca\u00e7\u00e3o de categorias espec\u00edficas, mas a emenda surge como uma conquista do SindEnfemeiro, a partir de esfor\u00e7os junto ao Legislativo, ap\u00f3s a perda na batalha contra a unifica\u00e7\u00e3o dos fundos previdenci\u00e1rios, votado em dezembro de 2017.<\/p>\n<p style=\"text-align: justify\">Nessa segunda, a proposta\u00a0 foi votada pelo Legislativo, assim como o Projeto de Lei 1885\/18. Os dois projetos, juntos, remanejam R$ 1,3 bilh\u00e3o do Instituto de Previd\u00eancia dos Servidores (Iprev) e R$ 231 milh\u00f5es de precat\u00f3rios para &#8211; al\u00e9m de nomea\u00e7\u00f5es &#8211; pagamento de atrasados, reformas e constru\u00e7\u00f5es de escolas, al\u00e9m de obras de mobilidade e infraestrutura.<\/p>\n<p><img loading=\"lazy\" decoding=\"async\" class=\"aligncenter wp-image-2075\" src=\"http:\/\/www.sindenfermeiro.com.br\/wp-content\/uploads\/2018\/01\/MG_4133.jpg\" alt=\"\" width=\"501\" height=\"334\" \/><\/p>\n<p style=\"text-align: justify\">O Sindicato dos Enfermeiros, desde o in\u00edcio da chamada reforma previdenci\u00e1ria do DF, se posicionou contr\u00e1rio \u00e0 utiliza\u00e7\u00e3o do Iprev para fins que n\u00e3o fossem os j\u00e1 estabelecidos. O sindicato participou, como interessado, de duas A\u00e7\u00f5es Diretas de Inconstitucionalidade (ADIn) relacionadas ao tema. No entanto, as a\u00e7\u00f5es foram indeferidas.<\/p>\n<p style=\"text-align: justify\">Diante do contexto, minimizar os impactos negativos passou a ser fundamental. &#8220;A nossa in\u00e9rcia poderia acarretar em resultados muito ruins para a categoria. Tentamos todas as vias legais para que os fundos n\u00e3o fossem unidos. Mas, diante da aprova\u00e7\u00e3o da reforma, precisamos nos esfor\u00e7ar para diminuir os danos e resguardar a dignidade dos enfermeiros&#8221;, disse Dayse Amar\u00edlio, presidente do SindEnfermeiro.<\/p>\n<p><img loading=\"lazy\" decoding=\"async\" class=\"aligncenter wp-image-2074\" src=\"http:\/\/www.sindenfermeiro.com.br\/wp-content\/uploads\/2018\/01\/MG_4142.jpg\" alt=\"\" width=\"500\" height=\"333\" \/><\/p>\n<p style=\"text-align: justify\"><strong>LDO prev\u00ea 500 enfermeiros<\/strong><\/p>\n<p style=\"text-align: justify\">O SindEnfermeiro garantiu a nomea\u00e7\u00e3o de 200 profissionais. No entanto, continua a concentrar os esfor\u00e7os para que outros 300 enfermeiros sejam convocados. Completando assim, os 500 que est\u00e3o previstos na Lei de Diretrizes Or\u00e7ament\u00e1rias (LDO).<\/p>\n<p style=\"text-align: justify\">&#8220;O d\u00e9ficit da categoria, no Distrito Federal, \u00e9 de 1.600 profissionais. E n\u00f3s vamos continuar lutando para chegar o mais pr\u00f3ximo poss\u00edvel desse n\u00famero. A LDO prev\u00ea 500 e esses enfermeiros s\u00e3o fundamentais para a melhoria da Sa\u00fade no Distrito Federal&#8221;, disse Dayse.<\/p>\n<p style=\"text-align: justify\"><strong>Pec\u00fanias aos aposentados<\/strong><\/p>\n<p style=\"text-align: justify\">Em emenda ao PL 1884\/18, o Sindicato dos Enfermeiros tamb\u00e9m garantiu, durante a vota\u00e7\u00e3o dessa segunda, que R$ 36 milh\u00f5es sejam destinados ao pagamento de pec\u00fanias dos aposentados da Sa\u00fade. O montante adicional \u00e0 Lei Or\u00e7ament\u00e1ria Anual.<\/p>\n<p style=\"text-align: justify\">A verba n\u00e3o tinha garantia de que seria destinada \u00e0s pec\u00fanias, at\u00e9 a atua\u00e7\u00e3o do sindicato e do grupo de aposentados da Sa\u00fade &#8211; coordenados pela servidora Silene Almeida -, junto \u00e0 C\u00e2mara.<\/p>\n<p style=\"text-align: justify\">A sess\u00e3o foi acompanhada por 50 aposentados, que ocuparam as galerias da C\u00e2mara sob a coordena\u00e7\u00e3o de Silene Almeida. Dayse Amar\u00edlio fez quest\u00e3o de agradecer a dedica\u00e7\u00e3o de Silene e o empenho do grupo que esteve na C\u00e2mara, nessa segunda.<\/p>\n<p style=\"text-align: justify\">&#8220;A uni\u00e3o desses esfor\u00e7os faz com que a gente esteja mais pr\u00f3ximo dos nossos objetivos. Eu quero agradecer muito \u00e0 Silene e todos os demais aposentados que est\u00e3o junto com a gente nessa luta&#8221;, refor\u00e7ou, Dayse.<\/p>\n<p>&nbsp;<\/p>\n<p><img loading=\"lazy\" decoding=\"async\" class=\"aligncenter wp-image-2076\" src=\"http:\/\/www.sindenfermeiro.com.br\/wp-content\/uploads\/2018\/01\/WhatsApp-Image-2018-01-15-at-19.24.48-1.jpeg\" alt=\"\" width=\"500\" height=\"376\" \/><\/p>\n","protected":false},"excerpt":{"rendered":"<p>Na \u00faltima segunda (15), o SindEnfermeiro garantiu, junto \u00e0 C\u00e2mara Legislativa (CLDF), a nomea\u00e7\u00e3o de 200 enfermeiros, para 2018. A emenda que garante as convoca\u00e7\u00f5es faz parte do Projeto de Lei 1884\/18, que destina R$ 123,5 milh\u00f5es \u00e0 nomea\u00e7\u00e3o de concursados. O Projeto n\u00e3o previa a convoca\u00e7\u00e3o de categorias espec\u00edficas, mas a emenda surge como [&hellip;]<\/p>\n","protected":false},"author":6,"featured_media":2075,"comment_status":"closed","ping_status":"closed","sticky":false,"template":"","format":"standard","meta":{"footnotes":""},"categories":[6,2],"tags":[],"class_list":["post-2073","post","type-post","status-publish","format-standard","has-post-thumbnail","hentry","category-noticias","category-teste"],"_links":{"self":[{"href":"https:\/\/sindenfermeiro.com.br\/index.php\/wp-json\/wp\/v2\/posts\/2073","targetHints":{"allow":["GET"]}}],"collection":[{"href":"https:\/\/sindenfermeiro.com.br\/index.php\/wp-json\/wp\/v2\/posts"}],"about":[{"href":"https:\/\/sindenfermeiro.com.br\/index.php\/wp-json\/wp\/v2\/types\/post"}],"author":[{"embeddable":true,"href":"https:\/\/sindenfermeiro.com.br\/index.php\/wp-json\/wp\/v2\/users\/6"}],"replies":[{"embeddable":true,"href":"https:\/\/sindenfermeiro.com.br\/index.php\/wp-json\/wp\/v2\/comments?post=2073"}],"version-history":[{"count":1,"href":"https:\/\/sindenfermeiro.com.br\/index.php\/wp-json\/wp\/v2\/posts\/2073\/revisions"}],"predecessor-version":[{"id":25461,"href":"https:\/\/sindenfermeiro.com.br\/index.php\/wp-json\/wp\/v2\/posts\/2073\/revisions\/25461"}],"wp:featuredmedia":[{"embeddable":true,"href":"https:\/\/sindenfermeiro.com.br\/index.php\/wp-json\/"}],"wp:attachment":[{"href":"https:\/\/sindenfermeiro.com.br\/index.php\/wp-json\/wp\/v2\/media?parent=2073"}],"wp:term":[{"taxonomy":"category","embeddable":true,"href":"https:\/\/sindenfermeiro.com.br\/index.php\/wp-json\/wp\/v2\/categories?post=2073"},{"taxonomy":"post_tag","embeddable":true,"href":"https:\/\/sindenfermeiro.com.br\/index.php\/wp-json\/wp\/v2\/tags?post=2073"}],"curies":[{"name":"wp","href":"https:\/\/api.w.org\/{rel}","templated":true}]}}