{"id":2062,"date":"2017-12-20T17:55:54","date_gmt":"2017-12-20T17:55:54","guid":{"rendered":"http:\/\/www.sindenfermeiro.com.br\/?p=2062"},"modified":"2026-04-29T17:49:44","modified_gmt":"2026-04-29T20:49:44","slug":"sindenfermeiro-ajuiza-acoes-por-auxilio-creche-horas-extras-e-convencao-coletiva","status":"publish","type":"post","link":"https:\/\/sindenfermeiro.com.br\/index.php\/2017\/12\/20\/sindenfermeiro-ajuiza-acoes-por-auxilio-creche-horas-extras-e-convencao-coletiva\/","title":{"rendered":"SindEnfermeiro aju\u00edza a\u00e7\u00f5es por aux\u00edlio creche, horas extras e conven\u00e7\u00e3o coletiva"},"content":{"rendered":"<p style=\"text-align: justify\">O SindEnfermeiro ajuizou, nessa \u00faltima semana, 3 a\u00e7\u00f5es coletivas importantes para a categoria. Uma \u00e9 referente ao Aux\u00edlio Creche e Pr\u00e9-escola (n\u00ba 0714015-14.2017.8.07.0018). A outra, diz respeito \u00e0 realiza\u00e7\u00e3o de horas extras (n\u00ba 0714015-14.2017.8.07.0018). Por fim, o SindEnfermeiro ajuizou a\u00e7\u00e3o de diss\u00eddio visando a regulariza\u00e7\u00e3o da Conven\u00e7\u00e3o Coletiva (n\u00ba 0000736-24.2017.5.10.0000).<\/p>\n<p style=\"text-align: justify\"><strong>Aux\u00edlio creche<\/strong><\/p>\n<p style=\"text-align: justify\">O sindicato contesta a legalidade da Portaria 63\/16, da Secretaria de Planejamento (SEPLAN), que restringe o recebimento do Aux\u00edlio creche e Pr\u00e9-escola a servidores cujo dependente seja matriculado em escola particular. Entretanto, Lei 792\/94, que institui o benef\u00edcio, n\u00e3o faz tal restri\u00e7\u00e3o.<\/p>\n<p style=\"text-align: justify\">A Portaria da SEPLAN tamb\u00e9m limita o benef\u00edcio a servidores com dependentes at\u00e9 6 anos de idade. No entanto, a Lei 792\/94 prev\u00ea o pagamento em caso de dependentes com at\u00e9 7 anos.<\/p>\n<p style=\"text-align: justify\"><strong>Horas extras<\/strong><\/p>\n<p style=\"text-align: justify\">O SindEnfermeiro solicita a anula\u00e7\u00e3o da Portaria 340\/17, da Secretaria de Sa\u00fade (SES), que cria novos crit\u00e9rios para a realiza\u00e7\u00e3o de horas extras. O sindicato destaca que a presta\u00e7\u00e3o do servi\u00e7o suplementar j\u00e1 \u00e9 regulamentada pelo Decreto n\u00ba 34.764\/13 e que &#8220;o ato regulamentador &#8211; Portaria 340 &#8211; extrapolou os limites a ele inerentes&#8221;.<\/p>\n<p style=\"text-align: justify\"><strong>Conven\u00e7\u00e3o Coletiva<\/strong><\/p>\n<p style=\"text-align: justify\">Ap\u00f3s diversas tratativas com o Sindicato Brasiliense de Hospitais, Casas de Sa\u00fade e Cl\u00ednicas (SBH), o SindEnfermeiro optou por ajuizar a\u00e7\u00e3o de diss\u00eddio, com objetivo de regularizar a Conven\u00e7\u00e3o Coletiva dos enfermeiros do DF.<\/p>\n","protected":false},"excerpt":{"rendered":"<p>O SindEnfermeiro ajuizou, nessa \u00faltima semana, 3 a\u00e7\u00f5es coletivas importantes para a categoria. Uma \u00e9 referente ao Aux\u00edlio Creche e Pr\u00e9-escola (n\u00ba 0714015-14.2017.8.07.0018). A outra, diz respeito \u00e0 realiza\u00e7\u00e3o de horas extras (n\u00ba 0714015-14.2017.8.07.0018). Por fim, o SindEnfermeiro ajuizou a\u00e7\u00e3o de diss\u00eddio visando a regulariza\u00e7\u00e3o da Conven\u00e7\u00e3o Coletiva (n\u00ba 0000736-24.2017.5.10.0000). Aux\u00edlio creche O sindicato contesta [&hellip;]<\/p>\n","protected":false},"author":6,"featured_media":2063,"comment_status":"closed","ping_status":"closed","sticky":false,"template":"","format":"standard","meta":{"footnotes":""},"categories":[6,2],"tags":[],"class_list":["post-2062","post","type-post","status-publish","format-standard","has-post-thumbnail","hentry","category-noticias","category-teste"],"_links":{"self":[{"href":"https:\/\/sindenfermeiro.com.br\/index.php\/wp-json\/wp\/v2\/posts\/2062","targetHints":{"allow":["GET"]}}],"collection":[{"href":"https:\/\/sindenfermeiro.com.br\/index.php\/wp-json\/wp\/v2\/posts"}],"about":[{"href":"https:\/\/sindenfermeiro.com.br\/index.php\/wp-json\/wp\/v2\/types\/post"}],"author":[{"embeddable":true,"href":"https:\/\/sindenfermeiro.com.br\/index.php\/wp-json\/wp\/v2\/users\/6"}],"replies":[{"embeddable":true,"href":"https:\/\/sindenfermeiro.com.br\/index.php\/wp-json\/wp\/v2\/comments?post=2062"}],"version-history":[{"count":1,"href":"https:\/\/sindenfermeiro.com.br\/index.php\/wp-json\/wp\/v2\/posts\/2062\/revisions"}],"predecessor-version":[{"id":36814,"href":"https:\/\/sindenfermeiro.com.br\/index.php\/wp-json\/wp\/v2\/posts\/2062\/revisions\/36814"}],"wp:featuredmedia":[{"embeddable":true,"href":"https:\/\/sindenfermeiro.com.br\/index.php\/wp-json\/"}],"wp:attachment":[{"href":"https:\/\/sindenfermeiro.com.br\/index.php\/wp-json\/wp\/v2\/media?parent=2062"}],"wp:term":[{"taxonomy":"category","embeddable":true,"href":"https:\/\/sindenfermeiro.com.br\/index.php\/wp-json\/wp\/v2\/categories?post=2062"},{"taxonomy":"post_tag","embeddable":true,"href":"https:\/\/sindenfermeiro.com.br\/index.php\/wp-json\/wp\/v2\/tags?post=2062"}],"curies":[{"name":"wp","href":"https:\/\/api.w.org\/{rel}","templated":true}]}}