{"id":2059,"date":"2017-12-19T18:48:33","date_gmt":"2017-12-19T18:48:33","guid":{"rendered":"http:\/\/www.sindenfermeiro.com.br\/?p=2059"},"modified":"2026-04-29T17:45:25","modified_gmt":"2026-04-29T20:45:25","slug":"agendas-2018","status":"publish","type":"post","link":"https:\/\/sindenfermeiro.com.br\/index.php\/2017\/12\/19\/agendas-2018\/","title":{"rendered":"AGENDAS 2018"},"content":{"rendered":"<p>As agendas de 2018 do SindEnfermeiro j\u00e1 est\u00e3o sendo disponibilizadas, nos locais de trabalho de enfermeiras e enfermeiros por todo o DF.<\/p>\n<p>Se voc\u00ea ainda n\u00e3o garantiu a sua, entre em contato com o sindicato.<span class=\"text_exposed_show\"><\/p>\n<p>Lembrando que, a partir de 26 de dezembro a equipe do SindEnfermeiro estar\u00e1 de f\u00e9rias coletivas. O retorno das atividades ser\u00e1 no dia 15 de janeiro.<\/span><\/p>\n<p><span class=\"text_exposed_show\">&#8212;&#8211;<\/p>\n<p>SINDENFERMEIRO &#8211; DF<\/p>\n<p>CONTATO: (61) 3273-0307 | 3349-8233<\/p>\n<p>ENDERE\u00c7O: Sede SindEnfermeiro\/DF &#8211; Bloco H &#8211; Loja 02, Scln 714 &#8211; Asa Norte<\/p>\n<p>HOR\u00c1RIO DE FUNCIONAMENTO: De 9h \u00e0s 17h<\/span><\/p>\n","protected":false},"excerpt":{"rendered":"<p>As agendas de 2018 do SindEnfermeiro j\u00e1 est\u00e3o sendo disponibilizadas, nos locais de trabalho de enfermeiras e enfermeiros por todo o DF. Se voc\u00ea ainda n\u00e3o garantiu a sua, entre em contato com o sindicato. Lembrando que, a partir de 26 de dezembro a equipe do SindEnfermeiro estar\u00e1 de f\u00e9rias coletivas. O retorno das atividades [&hellip;]<\/p>\n","protected":false},"author":6,"featured_media":2060,"comment_status":"closed","ping_status":"closed","sticky":false,"template":"","format":"standard","meta":{"footnotes":""},"categories":[6,2],"tags":[],"class_list":["post-2059","post","type-post","status-publish","format-standard","has-post-thumbnail","hentry","category-noticias","category-teste"],"_links":{"self":[{"href":"https:\/\/sindenfermeiro.com.br\/index.php\/wp-json\/wp\/v2\/posts\/2059","targetHints":{"allow":["GET"]}}],"collection":[{"href":"https:\/\/sindenfermeiro.com.br\/index.php\/wp-json\/wp\/v2\/posts"}],"about":[{"href":"https:\/\/sindenfermeiro.com.br\/index.php\/wp-json\/wp\/v2\/types\/post"}],"author":[{"embeddable":true,"href":"https:\/\/sindenfermeiro.com.br\/index.php\/wp-json\/wp\/v2\/users\/6"}],"replies":[{"embeddable":true,"href":"https:\/\/sindenfermeiro.com.br\/index.php\/wp-json\/wp\/v2\/comments?post=2059"}],"version-history":[{"count":1,"href":"https:\/\/sindenfermeiro.com.br\/index.php\/wp-json\/wp\/v2\/posts\/2059\/revisions"}],"predecessor-version":[{"id":37179,"href":"https:\/\/sindenfermeiro.com.br\/index.php\/wp-json\/wp\/v2\/posts\/2059\/revisions\/37179"}],"wp:featuredmedia":[{"embeddable":true,"href":"https:\/\/sindenfermeiro.com.br\/index.php\/wp-json\/"}],"wp:attachment":[{"href":"https:\/\/sindenfermeiro.com.br\/index.php\/wp-json\/wp\/v2\/media?parent=2059"}],"wp:term":[{"taxonomy":"category","embeddable":true,"href":"https:\/\/sindenfermeiro.com.br\/index.php\/wp-json\/wp\/v2\/categories?post=2059"},{"taxonomy":"post_tag","embeddable":true,"href":"https:\/\/sindenfermeiro.com.br\/index.php\/wp-json\/wp\/v2\/tags?post=2059"}],"curies":[{"name":"wp","href":"https:\/\/api.w.org\/{rel}","templated":true}]}}