{"id":2048,"date":"2017-12-18T18:06:29","date_gmt":"2017-12-18T18:06:29","guid":{"rendered":"http:\/\/www.sindenfermeiro.com.br\/?p=2048"},"modified":"2026-04-29T17:49:41","modified_gmt":"2026-04-29T20:49:41","slug":"diario-oficial-publica-regulamentacao-de-enfermeiros-obstetras-e-de-familia","status":"publish","type":"post","link":"https:\/\/sindenfermeiro.com.br\/index.php\/2017\/12\/18\/diario-oficial-publica-regulamentacao-de-enfermeiros-obstetras-e-de-familia\/","title":{"rendered":"Di\u00e1rio oficial publica regulamenta\u00e7\u00e3o de enfermeiros obstetras e de fam\u00edlia"},"content":{"rendered":"<p style=\"text-align: justify\"><em><strong>FUEnf tem atua\u00e7\u00e3o fundamental no processo<\/strong><\/em><\/p>\n<p style=\"text-align: justify\">Foi publicada, no <a href=\"http:\/\/www.buriti.df.gov.br\/ftp\/diariooficial\/2017\/12_Dezembro\/DODF%20055%2015-12-2017%20EDICAO%20EXTRA\/DODF%20055%2015-12-2017%20EDICAO%20EXTRA.pdf\">Di\u00e1rio Oficial do Distrito Federal (DODF)<\/a> da \u00faltima sexta (15), Portaria Conjunta (74\/2017) &#8211; das Secretarias de Planejamento e Sa\u00fade &#8211; que regulamenta as especialidades de enfermeiro obstetra e de fam\u00edlia e comunidade.<\/p>\n<p style=\"text-align: justify\">A presidente do SindEnfermeiro, Dayse Amar\u00edlio destaca que a regulamenta\u00e7\u00e3o possibilita, aos enfermeiros, concorrerem a vagas por especialidade, dentro da Secretaria de Sa\u00fade. O que, ainda de acordo com Dayse, aumenta campo de trabalho, autonomia e atua\u00e7\u00e3o dos profissionais.<\/p>\n<p style=\"text-align: justify\">&#8220;Enfermeiros especialistas v\u00e3o trabalhar em sua \u00e1rea de atua\u00e7\u00e3o, sem que sejam contratados como generalistas e acabem em setores onde n\u00e3o consigam desempenhar suas especialidades&#8221;, lembra a presidente do SindEnfermeiro.<\/p>\n<p style=\"text-align: justify\"><strong>Frente \u00danica pela enfermagem especializada<\/strong><\/p>\n<p style=\"text-align: justify\">A Frente \u00danica da Enfermagem (FUEnf) solicitou, em of\u00edcio \u00e0 Secretaria de Sa\u00fade (SES), em 25 de julho, a regulamenta\u00e7\u00e3o da especialidade de enfermeiro obstetra.<br \/>\nO of\u00edcio foi embasado pela Associa\u00e7\u00e3o Brasileira de Obstetrizes e Enfermeiros Obstetras (ABENFO-DF), integrante da Frente.<\/p>\n<p style=\"text-align: justify\">Entre os benef\u00edcios da regulamenta\u00e7\u00e3o enumerados pela FUEnf no documento enviado \u00e0 SES, em julho, est\u00e3o &#8220;atendimento humanizado, acessibilidade, seguran\u00e7a assistencial, aumento de satisfa\u00e7\u00e3o da parturiente e fam\u00edlia, diminui\u00e7\u00e3o das taxas de cesariana e da morbimortalidade materna e neonatal&#8221;, al\u00e9m da garantia do &#8220;aproveitamento de recursos humanos existentes de maneira qualificada&#8221;, em um contexto de d\u00e9ficit de profissionais na rede.<\/p>\n<p><img loading=\"lazy\" decoding=\"async\" class=\"wp-image-2049 alignleft\" src=\"http:\/\/www.sindenfermeiro.com.br\/wp-content\/uploads\/2017\/12\/WhatsApp-Image-2017-12-18-at-15.59.49-675x900.jpeg\" alt=\"\" width=\"300\" height=\"400\" \/> <img loading=\"lazy\" decoding=\"async\" class=\"wp-image-2050 alignleft\" src=\"http:\/\/www.sindenfermeiro.com.br\/wp-content\/uploads\/2017\/12\/WhatsApp-Image-2017-12-18-at-15.59.48.jpeg\" alt=\"\" width=\"300\" height=\"400\" \/><\/p>\n<p>&nbsp;<\/p>\n<p>&nbsp;<\/p>\n<p>&nbsp;<\/p>\n<p>&nbsp;<\/p>\n<p>&nbsp;<\/p>\n<p>&nbsp;<\/p>\n<p>&nbsp;<\/p>\n<p>&nbsp;<\/p>\n<p>&nbsp;<\/p>\n<p>&nbsp;<\/p>\n<p>&nbsp;<\/p>\n<p style=\"text-align: justify\"><strong>Uni\u00e3o e representatividade<\/strong><\/p>\n<p style=\"text-align: justify\">A Frente \u00danica da Enfermagem (FUEnf) \u00e9 formada pelos Sindicatos dos Enfermeiros (SindEnfermeiro-DF), dos Auxiliares e T\u00e9cnicos (Sindate-DF), pela Associa\u00e7\u00e3o Brasileira (ABEn-DF) e Conselho Regional de Enfermagem (Coren-DF) e pela Associa\u00e7\u00e3o Brasileira de Obstetrizes e Enfermeiros Obstetras (ABENFO-DF).<\/p>\n<p style=\"text-align: justify\">O grupo atua em causas comuns, com o objetivo de somar as for\u00e7as e representatividades das entidades em prol de melhorias na Enfermagem do Distrito Federal.<\/p>\n","protected":false},"excerpt":{"rendered":"<p>FUEnf tem atua\u00e7\u00e3o fundamental no processo Foi publicada, no Di\u00e1rio Oficial do Distrito Federal (DODF) da \u00faltima sexta (15), Portaria Conjunta (74\/2017) &#8211; das Secretarias de Planejamento e Sa\u00fade &#8211; que regulamenta as especialidades de enfermeiro obstetra e de fam\u00edlia e comunidade. A presidente do SindEnfermeiro, Dayse Amar\u00edlio destaca que a regulamenta\u00e7\u00e3o possibilita, aos enfermeiros, [&hellip;]<\/p>\n","protected":false},"author":6,"featured_media":2052,"comment_status":"closed","ping_status":"closed","sticky":false,"template":"","format":"standard","meta":{"footnotes":""},"categories":[6,2],"tags":[],"class_list":["post-2048","post","type-post","status-publish","format-standard","has-post-thumbnail","hentry","category-noticias","category-teste"],"_links":{"self":[{"href":"https:\/\/sindenfermeiro.com.br\/index.php\/wp-json\/wp\/v2\/posts\/2048","targetHints":{"allow":["GET"]}}],"collection":[{"href":"https:\/\/sindenfermeiro.com.br\/index.php\/wp-json\/wp\/v2\/posts"}],"about":[{"href":"https:\/\/sindenfermeiro.com.br\/index.php\/wp-json\/wp\/v2\/types\/post"}],"author":[{"embeddable":true,"href":"https:\/\/sindenfermeiro.com.br\/index.php\/wp-json\/wp\/v2\/users\/6"}],"replies":[{"embeddable":true,"href":"https:\/\/sindenfermeiro.com.br\/index.php\/wp-json\/wp\/v2\/comments?post=2048"}],"version-history":[{"count":1,"href":"https:\/\/sindenfermeiro.com.br\/index.php\/wp-json\/wp\/v2\/posts\/2048\/revisions"}],"predecessor-version":[{"id":36811,"href":"https:\/\/sindenfermeiro.com.br\/index.php\/wp-json\/wp\/v2\/posts\/2048\/revisions\/36811"}],"wp:featuredmedia":[{"embeddable":true,"href":"https:\/\/sindenfermeiro.com.br\/index.php\/wp-json\/"}],"wp:attachment":[{"href":"https:\/\/sindenfermeiro.com.br\/index.php\/wp-json\/wp\/v2\/media?parent=2048"}],"wp:term":[{"taxonomy":"category","embeddable":true,"href":"https:\/\/sindenfermeiro.com.br\/index.php\/wp-json\/wp\/v2\/categories?post=2048"},{"taxonomy":"post_tag","embeddable":true,"href":"https:\/\/sindenfermeiro.com.br\/index.php\/wp-json\/wp\/v2\/tags?post=2048"}],"curies":[{"name":"wp","href":"https:\/\/api.w.org\/{rel}","templated":true}]}}