{"id":2044,"date":"2017-12-15T14:21:41","date_gmt":"2017-12-15T14:21:41","guid":{"rendered":"http:\/\/www.sindenfermeiro.com.br\/?p=2044"},"modified":"2026-04-29T16:44:38","modified_gmt":"2026-04-29T19:44:38","slug":"sindenfermeiro-busca-garantir-recursos-para-convocacoes-e-pecunias-em-2018","status":"publish","type":"post","link":"https:\/\/sindenfermeiro.com.br\/index.php\/2017\/12\/15\/sindenfermeiro-busca-garantir-recursos-para-convocacoes-e-pecunias-em-2018\/","title":{"rendered":"SindEnfermeiro busca garantir recursos para convoca\u00e7\u00f5es e pec\u00fanias em 2018"},"content":{"rendered":"<p style=\"text-align: justify\">Durante a vota\u00e7\u00e3o do Projeto de Lei Or\u00e7ament\u00e1ria Anual (PLOA), na \u00faltima quarta (13), na C\u00e2mara Legislativa do Distrito Federal (CLDF), o SindEnfermeiro buscou garantir emenda ao projeto, com novas convoca\u00e7\u00f5es de enfermeiros para a Secretaria de Sa\u00fade, al\u00e9m dos pagamentos de pec\u00fanias dos aposentados. Dayse Amar\u00edlio, presidente do SindEnfermeiro encaminhou proposta aos deputados Julio Cesar e Bispo Renato &#8211; que reconheceram a import\u00e2ncia das demandas.<br \/>\nO ditamento dos recursos do IPREV, no entanto, ficou para fevereiro de 2018, em fun\u00e7\u00e3o de diverg\u00eancias entre os deputados. O SindEnfermeiro avan\u00e7ou nas negocia\u00e7\u00f5es junto aos parlamentares e garantiu a presen\u00e7a da mat\u00e9ria relacionada aos enfermeiros, na pauta da primeira sess\u00e3o legislativa de 2018.<\/p>\n<p><img loading=\"lazy\" decoding=\"async\" class=\"aligncenter size-full wp-image-2045\" src=\"http:\/\/www.sindenfermeiro.com.br\/wp-content\/uploads\/2017\/12\/WhatsApp-Image-2017-12-15-at-12.15.56.jpeg\" alt=\"\" width=\"1280\" height=\"960\" \/><\/p>\n","protected":false},"excerpt":{"rendered":"<p>Durante a vota\u00e7\u00e3o do Projeto de Lei Or\u00e7ament\u00e1ria Anual (PLOA), na \u00faltima quarta (13), na C\u00e2mara Legislativa do Distrito Federal (CLDF), o SindEnfermeiro buscou garantir emenda ao projeto, com novas convoca\u00e7\u00f5es de enfermeiros para a Secretaria de Sa\u00fade, al\u00e9m dos pagamentos de pec\u00fanias dos aposentados. Dayse Amar\u00edlio, presidente do SindEnfermeiro encaminhou proposta aos deputados Julio [&hellip;]<\/p>\n","protected":false},"author":6,"featured_media":2045,"comment_status":"closed","ping_status":"closed","sticky":false,"template":"","format":"standard","meta":{"footnotes":""},"categories":[6,2],"tags":[],"class_list":["post-2044","post","type-post","status-publish","format-standard","has-post-thumbnail","hentry","category-noticias","category-teste"],"_links":{"self":[{"href":"https:\/\/sindenfermeiro.com.br\/index.php\/wp-json\/wp\/v2\/posts\/2044","targetHints":{"allow":["GET"]}}],"collection":[{"href":"https:\/\/sindenfermeiro.com.br\/index.php\/wp-json\/wp\/v2\/posts"}],"about":[{"href":"https:\/\/sindenfermeiro.com.br\/index.php\/wp-json\/wp\/v2\/types\/post"}],"author":[{"embeddable":true,"href":"https:\/\/sindenfermeiro.com.br\/index.php\/wp-json\/wp\/v2\/users\/6"}],"replies":[{"embeddable":true,"href":"https:\/\/sindenfermeiro.com.br\/index.php\/wp-json\/wp\/v2\/comments?post=2044"}],"version-history":[{"count":1,"href":"https:\/\/sindenfermeiro.com.br\/index.php\/wp-json\/wp\/v2\/posts\/2044\/revisions"}],"predecessor-version":[{"id":37026,"href":"https:\/\/sindenfermeiro.com.br\/index.php\/wp-json\/wp\/v2\/posts\/2044\/revisions\/37026"}],"wp:featuredmedia":[{"embeddable":true,"href":"https:\/\/sindenfermeiro.com.br\/index.php\/wp-json\/"}],"wp:attachment":[{"href":"https:\/\/sindenfermeiro.com.br\/index.php\/wp-json\/wp\/v2\/media?parent=2044"}],"wp:term":[{"taxonomy":"category","embeddable":true,"href":"https:\/\/sindenfermeiro.com.br\/index.php\/wp-json\/wp\/v2\/categories?post=2044"},{"taxonomy":"post_tag","embeddable":true,"href":"https:\/\/sindenfermeiro.com.br\/index.php\/wp-json\/wp\/v2\/tags?post=2044"}],"curies":[{"name":"wp","href":"https:\/\/api.w.org\/{rel}","templated":true}]}}