{"id":2040,"date":"2017-12-04T19:38:36","date_gmt":"2017-12-04T19:38:36","guid":{"rendered":"http:\/\/www.sindenfermeiro.com.br\/?p=2040"},"modified":"2026-04-29T16:41:28","modified_gmt":"2026-04-29T19:41:28","slug":"comissao-geral","status":"publish","type":"post","link":"https:\/\/sindenfermeiro.com.br\/index.php\/2017\/12\/04\/comissao-geral\/","title":{"rendered":"Comiss\u00e3o Geral"},"content":{"rendered":"<p>Aten\u00e7\u00e3o enfermeiras e enfermeiros do Distrito Federal!&#x1f468;&#x200d;&#x2695;&#xfe0f;&#x1f469;&#x200d;&#x2695;&#xfe0f;<\/p>\n<p>No dia 7 de dezembro (quinta), \u00e0s 15h, a C\u00e2mera Legislativa realiza Comiss\u00e3o Geral para Discutir com os representantes do governo e demais \u00f3rg\u00e3os envolvidos, as altera\u00e7\u00f5es na pol\u00edtica de aten\u00e7\u00e3o prim\u00e1ria \u00e0 sa\u00fade do Distrito Federal.<\/p>\n<p>&#8212;<\/p>\n<p>Sua presen\u00e7a \u00e9 muito importante!<\/p>\n<p>Participe!<\/p>\n<p>Juntos somos mais fortes!<\/p>\n<p><img loading=\"lazy\" decoding=\"async\" class=\"aligncenter size-full wp-image-2041\" src=\"http:\/\/www.sindenfermeiro.com.br\/wp-content\/uploads\/2017\/12\/Comiss\u00e3o-geral.jpg\" alt=\"\" width=\"2551\" height=\"2551\" \/><\/p>\n<p>&nbsp;<\/p>\n","protected":false},"excerpt":{"rendered":"<p>Aten\u00e7\u00e3o enfermeiras e enfermeiros do Distrito Federal!&#x1f468;&#x200d;&#x2695;&#xfe0f;&#x1f469;&#x200d;&#x2695;&#xfe0f; No dia 7 de dezembro (quinta), \u00e0s 15h, a C\u00e2mera Legislativa realiza Comiss\u00e3o Geral para Discutir com os representantes do governo e demais \u00f3rg\u00e3os envolvidos, as altera\u00e7\u00f5es na pol\u00edtica de aten\u00e7\u00e3o prim\u00e1ria \u00e0 sa\u00fade do Distrito Federal. &#8212; Sua presen\u00e7a \u00e9 muito importante! Participe! Juntos somos mais fortes! [&hellip;]<\/p>\n","protected":false},"author":6,"featured_media":2041,"comment_status":"closed","ping_status":"closed","sticky":false,"template":"","format":"standard","meta":{"footnotes":""},"categories":[6,2],"tags":[],"class_list":["post-2040","post","type-post","status-publish","format-standard","has-post-thumbnail","hentry","category-noticias","category-teste"],"_links":{"self":[{"href":"https:\/\/sindenfermeiro.com.br\/index.php\/wp-json\/wp\/v2\/posts\/2040","targetHints":{"allow":["GET"]}}],"collection":[{"href":"https:\/\/sindenfermeiro.com.br\/index.php\/wp-json\/wp\/v2\/posts"}],"about":[{"href":"https:\/\/sindenfermeiro.com.br\/index.php\/wp-json\/wp\/v2\/types\/post"}],"author":[{"embeddable":true,"href":"https:\/\/sindenfermeiro.com.br\/index.php\/wp-json\/wp\/v2\/users\/6"}],"replies":[{"embeddable":true,"href":"https:\/\/sindenfermeiro.com.br\/index.php\/wp-json\/wp\/v2\/comments?post=2040"}],"version-history":[{"count":1,"href":"https:\/\/sindenfermeiro.com.br\/index.php\/wp-json\/wp\/v2\/posts\/2040\/revisions"}],"predecessor-version":[{"id":37029,"href":"https:\/\/sindenfermeiro.com.br\/index.php\/wp-json\/wp\/v2\/posts\/2040\/revisions\/37029"}],"wp:featuredmedia":[{"embeddable":true,"href":"https:\/\/sindenfermeiro.com.br\/index.php\/wp-json\/"}],"wp:attachment":[{"href":"https:\/\/sindenfermeiro.com.br\/index.php\/wp-json\/wp\/v2\/media?parent=2040"}],"wp:term":[{"taxonomy":"category","embeddable":true,"href":"https:\/\/sindenfermeiro.com.br\/index.php\/wp-json\/wp\/v2\/categories?post=2040"},{"taxonomy":"post_tag","embeddable":true,"href":"https:\/\/sindenfermeiro.com.br\/index.php\/wp-json\/wp\/v2\/tags?post=2040"}],"curies":[{"name":"wp","href":"https:\/\/api.w.org\/{rel}","templated":true}]}}