{"id":2034,"date":"2017-12-01T17:53:33","date_gmt":"2017-12-01T17:53:33","guid":{"rendered":"http:\/\/www.sindenfermeiro.com.br\/?p=2034"},"modified":"2026-04-29T16:44:42","modified_gmt":"2026-04-29T19:44:42","slug":"confira-curso-lesao-por-pressao-e-ulcera-de-membros-inferiores-venosas-e-arteriais","status":"publish","type":"post","link":"https:\/\/sindenfermeiro.com.br\/index.php\/2017\/12\/01\/confira-curso-lesao-por-pressao-e-ulcera-de-membros-inferiores-venosas-e-arteriais\/","title":{"rendered":"Confira: Curso &#8220;Les\u00e3o por press\u00e3o e \u00falcera de membros inferiores &#8211; venosas e arteriais\u201d"},"content":{"rendered":"<p><img loading=\"lazy\" decoding=\"async\" class=\"aligncenter size-full wp-image-2035\" src=\"http:\/\/www.sindenfermeiro.com.br\/wp-content\/uploads\/2017\/12\/image001.jpg\" alt=\"\" width=\"1141\" height=\"263\" \/><\/p>\n<p>&nbsp;<\/p>\n<p style=\"font-weight: 400\"><strong>CARGA HOR\u00c1RIA:\u00a0 10 HORAS<\/strong><\/p>\n<p style=\"font-weight: 400\"><strong>Local do Curso:<\/strong>\u00a0Audit\u00f3rio da ABEn Nacional \u2013 SGAN Quadra 603 Bloco B Av. L2 Norte<\/p>\n<p style=\"font-weight: 400\"><strong>Data:\u00a0<\/strong>09 de dezembro de 2017<\/p>\n<p style=\"font-weight: 400\"><strong>Hor\u00e1rio:<\/strong>\u00a0Das 08h00 \u00e0s 18h00<\/p>\n<p style=\"font-weight: 400\"><strong>Informa\u00e7\u00f5es:\u00a0<\/strong>SCN Quadra 01 Bloco F Sala 1315 &#8211; Ed. America Office Tower. 61-3328-7740<\/p>\n<p>&nbsp;<\/p>\n<p style=\"font-weight: 400\"><strong>Vagas limitadas!<\/strong><\/p>\n<p style=\"font-weight: 400\"><strong>Ao final do Curso ser\u00e1 entregue o certificado.<\/strong><\/p>\n<p style=\"font-weight: 400\">\n<p style=\"font-weight: 400\">1.Para efetiva\u00e7\u00e3o de sua inscri\u00e7\u00e3o \u00e9 necess\u00e1rio que siga os seguintes passos:<\/p>\n<p style=\"font-weight: 400\">Fazer o dep\u00f3sito em conta corrente<br \/>\nBRB \u2013 Ag. 208 C\/c: 603.100-3<br \/>\nBB \u2013 Ag 0452-9 C\/c: 407.316-9<\/p>\n<p style=\"font-weight: 400\">\n<p style=\"font-weight: 400\"><strong>Investimento:<\/strong><\/p>\n<p style=\"font-weight: 400\">Associado: R$ 35,00<\/p>\n<p style=\"font-weight: 400\">N\u00e3o associado: R$60,00<\/p>\n<ol start=\"2\">\n<li style=\"font-weight: 400\">Preencher a\u00a0<strong>Ficha de Inscri\u00e7\u00e3o<\/strong>. (\u00a0<a href=\"http:\/\/www.sindenfermeiro.com.br\/wp-content\/uploads\/2017\/12\/Ficha-de-Inscri\u00e7\u00e3o.docx\">http:\/\/www.sindenfermeiro.com.br\/wp-content\/uploads\/2017\/12\/Ficha-de-Inscri\u00e7\u00e3o.docx )<\/a><\/li>\n<li style=\"font-weight: 400\">Enviar o comprovante de pagamento e a ficha de inscri\u00e7\u00e3o por e-mail:\u00a0<a href=\"mailto:abendf@aben-df.com.br\"><strong>abendf@aben-df.com.br<\/strong><\/a><\/li>\n<\/ol>\n<p style=\"font-weight: 400\">Logo ap\u00f3s o recebimento enviaremos a confirma\u00e7\u00e3o de inscri\u00e7\u00e3o que ser\u00e1 necess\u00e1ria a apresenta\u00e7\u00e3o no dia do curso.<\/p>\n<p><span style=\"font-size: 14pt\"><strong>Realiza\u00e7\u00e3o: Aben-DF<\/strong><\/span><\/p>\n<p>&nbsp;<\/p>\n","protected":false},"excerpt":{"rendered":"<p>&nbsp; CARGA HOR\u00c1RIA:\u00a0 10 HORAS Local do Curso:\u00a0Audit\u00f3rio da ABEn Nacional \u2013 SGAN Quadra 603 Bloco B Av. L2 Norte Data:\u00a009 de dezembro de 2017 Hor\u00e1rio:\u00a0Das 08h00 \u00e0s 18h00 Informa\u00e7\u00f5es:\u00a0SCN Quadra 01 Bloco F Sala 1315 &#8211; Ed. America Office Tower. 61-3328-7740 &nbsp; Vagas limitadas! Ao final do Curso ser\u00e1 entregue o certificado. 1.Para efetiva\u00e7\u00e3o [&hellip;]<\/p>\n","protected":false},"author":6,"featured_media":2036,"comment_status":"closed","ping_status":"closed","sticky":false,"template":"","format":"standard","meta":{"footnotes":""},"categories":[6,2],"tags":[],"class_list":["post-2034","post","type-post","status-publish","format-standard","has-post-thumbnail","hentry","category-noticias","category-teste"],"_links":{"self":[{"href":"https:\/\/sindenfermeiro.com.br\/index.php\/wp-json\/wp\/v2\/posts\/2034","targetHints":{"allow":["GET"]}}],"collection":[{"href":"https:\/\/sindenfermeiro.com.br\/index.php\/wp-json\/wp\/v2\/posts"}],"about":[{"href":"https:\/\/sindenfermeiro.com.br\/index.php\/wp-json\/wp\/v2\/types\/post"}],"author":[{"embeddable":true,"href":"https:\/\/sindenfermeiro.com.br\/index.php\/wp-json\/wp\/v2\/users\/6"}],"replies":[{"embeddable":true,"href":"https:\/\/sindenfermeiro.com.br\/index.php\/wp-json\/wp\/v2\/comments?post=2034"}],"version-history":[{"count":1,"href":"https:\/\/sindenfermeiro.com.br\/index.php\/wp-json\/wp\/v2\/posts\/2034\/revisions"}],"predecessor-version":[{"id":37176,"href":"https:\/\/sindenfermeiro.com.br\/index.php\/wp-json\/wp\/v2\/posts\/2034\/revisions\/37176"}],"wp:featuredmedia":[{"embeddable":true,"href":"https:\/\/sindenfermeiro.com.br\/index.php\/wp-json\/"}],"wp:attachment":[{"href":"https:\/\/sindenfermeiro.com.br\/index.php\/wp-json\/wp\/v2\/media?parent=2034"}],"wp:term":[{"taxonomy":"category","embeddable":true,"href":"https:\/\/sindenfermeiro.com.br\/index.php\/wp-json\/wp\/v2\/categories?post=2034"},{"taxonomy":"post_tag","embeddable":true,"href":"https:\/\/sindenfermeiro.com.br\/index.php\/wp-json\/wp\/v2\/tags?post=2034"}],"curies":[{"name":"wp","href":"https:\/\/api.w.org\/{rel}","templated":true}]}}