{"id":1991,"date":"2017-11-27T19:50:19","date_gmt":"2017-11-27T19:50:19","guid":{"rendered":"http:\/\/www.sindenfermeiro.com.br\/?p=1991"},"modified":"2026-04-29T16:42:36","modified_gmt":"2026-04-29T19:42:36","slug":"natal-solidario-sindenfermeiro","status":"publish","type":"post","link":"https:\/\/sindenfermeiro.com.br\/index.php\/2017\/11\/27\/natal-solidario-sindenfermeiro\/","title":{"rendered":"NATAL SOLID\u00c1RIO &#8211; SINDENFERMEIRO\u00a0"},"content":{"rendered":"<p>\u00c9 com muita felicidade que o SindEnfermeiro abre as portas de sua sede para receber doa\u00e7\u00f5es de roupas, alimentos e brinquedos.<\/p>\n<p>Esses itens v\u00e3o transformar o Natal de fam\u00edlias e fam\u00edlias, no Distrito Federal.<\/p>\n<p>A fun\u00e7\u00e3o social \u00e9 prioridade do SindEnfermeiro, diante dos profissionais que fazem a Enfermagem do DF e, claro, sua popula\u00e7\u00e3o.<\/p>\n<p>N\u00f3s acreditamos que cada enfermeiro pode mudar o contexto onde est\u00e1 inserido, e temos certeza que a cidadania \u00e9 um instrumento fundamental pra isso.<\/p>\n<p>Junte-se a n\u00f3s nesse prop\u00f3sito!<\/p>\n<p>Sua solidariedade pode fazer um natal mais feliz.<\/p>\n<p>&#8212;<\/p>\n<p>Local de doa\u00e7\u00e3o: Sede do SindEnfermeiro (714 norte)<\/p>\n<p>Mais informa\u00e7\u00f5es: (61) 32730307<\/p>\n<p><img loading=\"lazy\" decoding=\"async\" class=\"aligncenter size-full wp-image-1992\" src=\"http:\/\/www.sindenfermeiro.com.br\/wp-content\/uploads\/2017\/11\/natal.jpg\" alt=\"\" width=\"4310\" height=\"6389\" \/><\/p>\n","protected":false},"excerpt":{"rendered":"<p>\u00c9 com muita felicidade que o SindEnfermeiro abre as portas de sua sede para receber doa\u00e7\u00f5es de roupas, alimentos e brinquedos. Esses itens v\u00e3o transformar o Natal de fam\u00edlias e fam\u00edlias, no Distrito Federal. A fun\u00e7\u00e3o social \u00e9 prioridade do SindEnfermeiro, diante dos profissionais que fazem a Enfermagem do DF e, claro, sua popula\u00e7\u00e3o. N\u00f3s [&hellip;]<\/p>\n","protected":false},"author":6,"featured_media":1992,"comment_status":"closed","ping_status":"closed","sticky":false,"template":"","format":"standard","meta":{"footnotes":""},"categories":[6,2],"tags":[23,24],"class_list":["post-1991","post","type-post","status-publish","format-standard","has-post-thumbnail","hentry","category-noticias","category-teste","tag-doacoes","tag-natal"],"_links":{"self":[{"href":"https:\/\/sindenfermeiro.com.br\/index.php\/wp-json\/wp\/v2\/posts\/1991","targetHints":{"allow":["GET"]}}],"collection":[{"href":"https:\/\/sindenfermeiro.com.br\/index.php\/wp-json\/wp\/v2\/posts"}],"about":[{"href":"https:\/\/sindenfermeiro.com.br\/index.php\/wp-json\/wp\/v2\/types\/post"}],"author":[{"embeddable":true,"href":"https:\/\/sindenfermeiro.com.br\/index.php\/wp-json\/wp\/v2\/users\/6"}],"replies":[{"embeddable":true,"href":"https:\/\/sindenfermeiro.com.br\/index.php\/wp-json\/wp\/v2\/comments?post=1991"}],"version-history":[{"count":1,"href":"https:\/\/sindenfermeiro.com.br\/index.php\/wp-json\/wp\/v2\/posts\/1991\/revisions"}],"predecessor-version":[{"id":26729,"href":"https:\/\/sindenfermeiro.com.br\/index.php\/wp-json\/wp\/v2\/posts\/1991\/revisions\/26729"}],"wp:featuredmedia":[{"embeddable":true,"href":"https:\/\/sindenfermeiro.com.br\/index.php\/wp-json\/"}],"wp:attachment":[{"href":"https:\/\/sindenfermeiro.com.br\/index.php\/wp-json\/wp\/v2\/media?parent=1991"}],"wp:term":[{"taxonomy":"category","embeddable":true,"href":"https:\/\/sindenfermeiro.com.br\/index.php\/wp-json\/wp\/v2\/categories?post=1991"},{"taxonomy":"post_tag","embeddable":true,"href":"https:\/\/sindenfermeiro.com.br\/index.php\/wp-json\/wp\/v2\/tags?post=1991"}],"curies":[{"name":"wp","href":"https:\/\/api.w.org\/{rel}","templated":true}]}}