{"id":1988,"date":"2017-11-23T20:03:37","date_gmt":"2017-11-23T20:03:37","guid":{"rendered":"http:\/\/www.sindenfermeiro.com.br\/?p=1988"},"modified":"2026-04-29T16:42:40","modified_gmt":"2026-04-29T19:42:40","slug":"informativo-atendimento-ao-publico-vespera-do-baile","status":"publish","type":"post","link":"https:\/\/sindenfermeiro.com.br\/index.php\/2017\/11\/23\/informativo-atendimento-ao-publico-vespera-do-baile\/","title":{"rendered":"INFORMATIVO &#8211; ATENDIMENTO AO P\u00daBLICO &#8211; V\u00c9SPERA DO BAILE"},"content":{"rendered":"<p>Em virtude da v\u00e9spera e dos \u00faltimos ajustes para o Baile dos Enfermeiros, n\u00e3o haver\u00e1 atendimento ao p\u00fablico, no SindEnfermeiro, durante esta sexta (24).<\/p>\n<p>Agradecemos a compreens\u00e3o de todos.<\/p>\n<p>Nos vemos na festa mais tradicional da Enfermagem do Distrito Federal!<\/p>\n<p><img loading=\"lazy\" decoding=\"async\" class=\"aligncenter size-full wp-image-1989\" src=\"http:\/\/www.sindenfermeiro.com.br\/wp-content\/uploads\/2017\/11\/WhatsApp-Image-2017-11-23-at-17.42.40.jpeg\" alt=\"\" width=\"1280\" height=\"1280\" \/><\/p>\n","protected":false},"excerpt":{"rendered":"<p>Em virtude da v\u00e9spera e dos \u00faltimos ajustes para o Baile dos Enfermeiros, n\u00e3o haver\u00e1 atendimento ao p\u00fablico, no SindEnfermeiro, durante esta sexta (24). Agradecemos a compreens\u00e3o de todos. Nos vemos na festa mais tradicional da Enfermagem do Distrito Federal!<\/p>\n","protected":false},"author":6,"featured_media":1989,"comment_status":"closed","ping_status":"closed","sticky":false,"template":"","format":"standard","meta":{"footnotes":""},"categories":[6,2],"tags":[],"class_list":["post-1988","post","type-post","status-publish","format-standard","has-post-thumbnail","hentry","category-noticias","category-teste"],"_links":{"self":[{"href":"https:\/\/sindenfermeiro.com.br\/index.php\/wp-json\/wp\/v2\/posts\/1988","targetHints":{"allow":["GET"]}}],"collection":[{"href":"https:\/\/sindenfermeiro.com.br\/index.php\/wp-json\/wp\/v2\/posts"}],"about":[{"href":"https:\/\/sindenfermeiro.com.br\/index.php\/wp-json\/wp\/v2\/types\/post"}],"author":[{"embeddable":true,"href":"https:\/\/sindenfermeiro.com.br\/index.php\/wp-json\/wp\/v2\/users\/6"}],"replies":[{"embeddable":true,"href":"https:\/\/sindenfermeiro.com.br\/index.php\/wp-json\/wp\/v2\/comments?post=1988"}],"version-history":[{"count":1,"href":"https:\/\/sindenfermeiro.com.br\/index.php\/wp-json\/wp\/v2\/posts\/1988\/revisions"}],"predecessor-version":[{"id":29467,"href":"https:\/\/sindenfermeiro.com.br\/index.php\/wp-json\/wp\/v2\/posts\/1988\/revisions\/29467"}],"wp:featuredmedia":[{"embeddable":true,"href":"https:\/\/sindenfermeiro.com.br\/index.php\/wp-json\/"}],"wp:attachment":[{"href":"https:\/\/sindenfermeiro.com.br\/index.php\/wp-json\/wp\/v2\/media?parent=1988"}],"wp:term":[{"taxonomy":"category","embeddable":true,"href":"https:\/\/sindenfermeiro.com.br\/index.php\/wp-json\/wp\/v2\/categories?post=1988"},{"taxonomy":"post_tag","embeddable":true,"href":"https:\/\/sindenfermeiro.com.br\/index.php\/wp-json\/wp\/v2\/tags?post=1988"}],"curies":[{"name":"wp","href":"https:\/\/api.w.org\/{rel}","templated":true}]}}