{"id":1985,"date":"2017-11-21T13:31:44","date_gmt":"2017-11-21T13:31:44","guid":{"rendered":"http:\/\/www.sindenfermeiro.com.br\/?p=1985"},"modified":"2026-04-29T16:42:53","modified_gmt":"2026-04-29T19:42:53","slug":"retirada-de-ingressos-do-baile-dos-enfermeiros-e-prorrogada-ate-quinta","status":"publish","type":"post","link":"https:\/\/sindenfermeiro.com.br\/index.php\/2017\/11\/21\/retirada-de-ingressos-do-baile-dos-enfermeiros-e-prorrogada-ate-quinta\/","title":{"rendered":"Retirada de ingressos do Baile dos Enfermeiros \u00e9 prorrogada at\u00e9 quinta"},"content":{"rendered":"<div class=\"text_exposed_show\">\n<p>&nbsp;<\/p>\n<p>Informamos que o prazo para retirada das entradas para o Baile dos Enfermeiros foi prorrogado at\u00e9 esta quinta (23).<\/p>\n<p>&nbsp;<\/p>\n<p>* Lembramos que o ingresso \u00e9 pessoal e intransfer\u00edvel.<\/p>\n<p>* Por medidas de seguran\u00e7a, \u00e9 necess\u00e1ria apresenta\u00e7\u00e3o de documento (identidade, coren ou crach\u00e1), no momento da retirada do ingresso e no acesso ao evento.<\/p>\n<p>* Os ingressos s\u00e3o exclusivos para enfermeiros sindicalizados<\/p>\n<p><img loading=\"lazy\" decoding=\"async\" class=\"aligncenter size-full wp-image-1986\" src=\"http:\/\/www.sindenfermeiro.com.br\/wp-content\/uploads\/2017\/11\/WhatsApp-Image-2017-11-20-at-17.11.20.jpeg\" alt=\"\" width=\"1185\" height=\"1280\" \/><\/p>\n<p>&#8212;<\/p>\n<p>MAIS INFORMA\u00c7\u00d5ES:<\/p>\n<p>ENDERE\u00c7O DO SINDICATO: Sede SindEnfermeiro\/DF &#8211; Bloco H &#8211; Loja 02, Scln 714 &#8211; Asa Norte<\/p>\n<p>HOR\u00c1RIO DE FUNCIONAMENTO: De 9h \u00e0s 17h<\/p>\n<p>CONTATO: (61) 3273-0307 | 3349-8233<\/p>\n<\/div>\n","protected":false},"excerpt":{"rendered":"<p>&nbsp; Informamos que o prazo para retirada das entradas para o Baile dos Enfermeiros foi prorrogado at\u00e9 esta quinta (23). &nbsp; * Lembramos que o ingresso \u00e9 pessoal e intransfer\u00edvel. * Por medidas de seguran\u00e7a, \u00e9 necess\u00e1ria apresenta\u00e7\u00e3o de documento (identidade, coren ou crach\u00e1), no momento da retirada do ingresso e no acesso ao evento. [&hellip;]<\/p>\n","protected":false},"author":6,"featured_media":1986,"comment_status":"closed","ping_status":"closed","sticky":false,"template":"","format":"standard","meta":{"footnotes":""},"categories":[6,2],"tags":[],"class_list":["post-1985","post","type-post","status-publish","format-standard","has-post-thumbnail","hentry","category-noticias","category-teste"],"_links":{"self":[{"href":"https:\/\/sindenfermeiro.com.br\/index.php\/wp-json\/wp\/v2\/posts\/1985","targetHints":{"allow":["GET"]}}],"collection":[{"href":"https:\/\/sindenfermeiro.com.br\/index.php\/wp-json\/wp\/v2\/posts"}],"about":[{"href":"https:\/\/sindenfermeiro.com.br\/index.php\/wp-json\/wp\/v2\/types\/post"}],"author":[{"embeddable":true,"href":"https:\/\/sindenfermeiro.com.br\/index.php\/wp-json\/wp\/v2\/users\/6"}],"replies":[{"embeddable":true,"href":"https:\/\/sindenfermeiro.com.br\/index.php\/wp-json\/wp\/v2\/comments?post=1985"}],"version-history":[{"count":1,"href":"https:\/\/sindenfermeiro.com.br\/index.php\/wp-json\/wp\/v2\/posts\/1985\/revisions"}],"predecessor-version":[{"id":32869,"href":"https:\/\/sindenfermeiro.com.br\/index.php\/wp-json\/wp\/v2\/posts\/1985\/revisions\/32869"}],"wp:featuredmedia":[{"embeddable":true,"href":"https:\/\/sindenfermeiro.com.br\/index.php\/wp-json\/"}],"wp:attachment":[{"href":"https:\/\/sindenfermeiro.com.br\/index.php\/wp-json\/wp\/v2\/media?parent=1985"}],"wp:term":[{"taxonomy":"category","embeddable":true,"href":"https:\/\/sindenfermeiro.com.br\/index.php\/wp-json\/wp\/v2\/categories?post=1985"},{"taxonomy":"post_tag","embeddable":true,"href":"https:\/\/sindenfermeiro.com.br\/index.php\/wp-json\/wp\/v2\/tags?post=1985"}],"curies":[{"name":"wp","href":"https:\/\/api.w.org\/{rel}","templated":true}]}}