{"id":1976,"date":"2017-11-08T19:11:58","date_gmt":"2017-11-08T19:11:58","guid":{"rendered":"http:\/\/www.sindenfermeiro.com.br\/?p=1976"},"modified":"2026-04-29T17:52:11","modified_gmt":"2026-04-29T20:52:11","slug":"tribunal-de-contas-suspende-decisao-que-proibia-jornada-de-18-horas","status":"publish","type":"post","link":"https:\/\/sindenfermeiro.com.br\/index.php\/2017\/11\/08\/tribunal-de-contas-suspende-decisao-que-proibia-jornada-de-18-horas\/","title":{"rendered":"Tribunal de Contas suspende decis\u00e3o que proibia jornada de 18 horas"},"content":{"rendered":"<p style=\"text-align: justify\"><em><strong>Com a suspens\u00e3o, profissionais podem realizar a jornada<\/strong><\/em><\/p>\n<p style=\"text-align: justify\">O Tribunal de Contas do Distrito Federal (TCDF) acatou pedidos de reexame \u2013 feitos pelo Sindicato dos Enfermeiros, dos Auxiliares e T\u00e9cnicos de Enfermagem e pela Secretaria de Sa\u00fade \u2013 sobre a proibi\u00e7\u00e3o da jornada de 18 horas. Com isso, a proibi\u00e7\u00e3o fica suspensa e os profissionais podem cumprir as 18 horas, at\u00e9 que haja uma solu\u00e7\u00e3o definitiva a respeito do assunto. A decis\u00e3o \u00e9 do conselheiro Jos\u00e9 Roberto de Paiva Martins.<\/p>\n<p style=\"text-align: justify\">Paiva Martins considerou que, \u201cno que tange aos recursos dos Sindicatos, observa-se que foram protocolados tempestivamente, s\u00e3o cab\u00edveis, h\u00e1 interesse em recorrer e as partes possuem legitimidade\u201d. De acordo com o conselheiro, os pedidos \u201cdevem, portanto, ser admitidos\u201d.<\/p>\n<p><img loading=\"lazy\" decoding=\"async\" class=\"aligncenter size-full wp-image-1977\" src=\"http:\/\/www.sindenfermeiro.com.br\/wp-content\/uploads\/2017\/11\/800px-Tribunal_de_Contas_do_Distrito_Federal_-_Brasilia_-_DSC00193-1.jpg\" alt=\"\" width=\"800\" height=\"600\" \/><\/p>\n<p style=\"text-align: justify\"><strong>Reuni\u00e3o entre entidades da Sa\u00fade e TCDF<\/strong><\/p>\n<p style=\"text-align: justify\">Representantes do SindEnfermeiro, demais sindicatos e da Secretaria de Sa\u00fade (SES) reuniram-se, no dia 11 outubro, com a presidente do TCDF, Anilc\u00e9ia Machado, com o objetivo de rever a suspens\u00e3o dos plant\u00f5es de 18 horas cont\u00ednuas. Sindicatos e SES pontuaram os riscos em que a decis\u00e3o do tribunal implica.<\/p>\n<p style=\"text-align: justify\">De acordo com o secret\u00e1rio adjunto de sa\u00fade, Ismael Alexandrino, 30% do contingente de funcion\u00e1rios da SES (entre enfermeiros, t\u00e9cnicos e m\u00e9dicos) trabalham em plant\u00f5es de 18h e a proibi\u00e7\u00e3o desse tipo de jornada acarretaria at\u00e9 na descontinuidade de alguns setores da assist\u00eancia prestada no Distrito Federal. \u201cSe formos olhar, tem unidade \u2013 entre UTI, SAMU, pronto socorro, Centro Cir\u00fargico e Centro Obst\u00e9trico \u2013 que chega a 47% de servidores trabalhando em plant\u00f5es de 18h. Essa decis\u00e3o seria catastr\u00f3fica do ponto de vista da gest\u00e3o. J\u00e1 temos dificuldades o suficiente. Isso seria o caos instalado no DF\u201d, afirmou Alexandrino.<\/p>\n<p style=\"text-align: justify\">A presidente do TCDF, Anilc\u00e9ia Machado, considerou as coloca\u00e7\u00f5es dos sindicatos e da SES v\u00e1lidas, diante do momento atual vivido pela Sa\u00fade do Distrito Federal, e sinalizou com a inten\u00e7\u00e3o de buscar alternativas, dentro dos limites da lei.\u201dEntendo que esse cen\u00e1rio vai dificultar muito. E esse n\u00e3o deve ser o prop\u00f3sito do tribunal. Diante da dificuldade, a gente tem que construir uma solu\u00e7\u00e3o\u201d, disse.<\/p>\n<p><img loading=\"lazy\" decoding=\"async\" class=\"aligncenter size-full wp-image-1889\" src=\"http:\/\/www.sindenfermeiro.com.br\/wp-content\/uploads\/2017\/10\/MG_3539.jpg\" alt=\"\" width=\"3456\" height=\"2304\" \/><\/p>\n","protected":false},"excerpt":{"rendered":"<p>Com a suspens\u00e3o, profissionais podem realizar a jornada O Tribunal de Contas do Distrito Federal (TCDF) acatou pedidos de reexame \u2013 feitos pelo Sindicato dos Enfermeiros, dos Auxiliares e T\u00e9cnicos de Enfermagem e pela Secretaria de Sa\u00fade \u2013 sobre a proibi\u00e7\u00e3o da jornada de 18 horas. Com isso, a proibi\u00e7\u00e3o fica suspensa e os profissionais [&hellip;]<\/p>\n","protected":false},"author":6,"featured_media":1977,"comment_status":"closed","ping_status":"closed","sticky":false,"template":"","format":"standard","meta":{"footnotes":""},"categories":[6,2],"tags":[],"class_list":["post-1976","post","type-post","status-publish","format-standard","has-post-thumbnail","hentry","category-noticias","category-teste"],"_links":{"self":[{"href":"https:\/\/sindenfermeiro.com.br\/index.php\/wp-json\/wp\/v2\/posts\/1976","targetHints":{"allow":["GET"]}}],"collection":[{"href":"https:\/\/sindenfermeiro.com.br\/index.php\/wp-json\/wp\/v2\/posts"}],"about":[{"href":"https:\/\/sindenfermeiro.com.br\/index.php\/wp-json\/wp\/v2\/types\/post"}],"author":[{"embeddable":true,"href":"https:\/\/sindenfermeiro.com.br\/index.php\/wp-json\/wp\/v2\/users\/6"}],"replies":[{"embeddable":true,"href":"https:\/\/sindenfermeiro.com.br\/index.php\/wp-json\/wp\/v2\/comments?post=1976"}],"version-history":[{"count":1,"href":"https:\/\/sindenfermeiro.com.br\/index.php\/wp-json\/wp\/v2\/posts\/1976\/revisions"}],"predecessor-version":[{"id":32864,"href":"https:\/\/sindenfermeiro.com.br\/index.php\/wp-json\/wp\/v2\/posts\/1976\/revisions\/32864"}],"wp:featuredmedia":[{"embeddable":true,"href":"https:\/\/sindenfermeiro.com.br\/index.php\/wp-json\/"}],"wp:attachment":[{"href":"https:\/\/sindenfermeiro.com.br\/index.php\/wp-json\/wp\/v2\/media?parent=1976"}],"wp:term":[{"taxonomy":"category","embeddable":true,"href":"https:\/\/sindenfermeiro.com.br\/index.php\/wp-json\/wp\/v2\/categories?post=1976"},{"taxonomy":"post_tag","embeddable":true,"href":"https:\/\/sindenfermeiro.com.br\/index.php\/wp-json\/wp\/v2\/tags?post=1976"}],"curies":[{"name":"wp","href":"https:\/\/api.w.org\/{rel}","templated":true}]}}