{"id":1967,"date":"2017-11-06T13:14:47","date_gmt":"2017-11-06T13:14:47","guid":{"rendered":"http:\/\/www.sindenfermeiro.com.br\/?p=1967"},"modified":"2026-04-29T16:45:21","modified_gmt":"2026-04-29T19:45:21","slug":"comecam-inscricoes-para-transferencia-na-escola-superior-de-ciencias-da-saude","status":"publish","type":"post","link":"https:\/\/sindenfermeiro.com.br\/index.php\/2017\/11\/06\/comecam-inscricoes-para-transferencia-na-escola-superior-de-ciencias-da-saude\/","title":{"rendered":"Come\u00e7am inscri\u00e7\u00f5es para transfer\u00eancia na Escola Superior de Ci\u00eancias da Sa\u00fade"},"content":{"rendered":"<p style=\"text-align: justify\">A partir dessa segunda (6), estudantes de Enfermagem podem se inscrever para concorrer a uma vaga &#8211; por transfer\u00eancia &#8211; na Escola Superior de Ci\u00eancias da Sa\u00fade (ESCS). As inscri\u00e7\u00f5es v\u00e3o at\u00e9 sexta (10).<\/p>\n<p style=\"text-align: justify\">Conforme o edital publicado pela Funda\u00e7\u00e3o de Ensino e Pesquisa em Ci\u00eancias da Sa\u00fade (FEPECS), o processo seletivo contempla &#8220;estudantes &#8211; de gradua\u00e7\u00e3o &#8211; regulares, oriundos de outras Institui\u00e7\u00f5es de Ensino Superior (IES) nacionais&#8221;, que ingressar\u00e3o na 2\u00aa e 3\u00aa s\u00e9ries do ano letivo de 2018. S\u00e3o 7 vagas para alunos que cursar\u00e3o a 2\u00aa s\u00e9rie e 22 vagas para quem cursar\u00e1 a 3\u00aa s\u00e9rie.<\/p>\n<p style=\"text-align: justify\">As inscri\u00e7\u00f5es podem ser feitas na Coordena\u00e7\u00e3o de Processos Seletivos (CPS) da FEPECS, no Setor M\u00e9dico Hospitalar Norte. O taxa de inscri\u00e7\u00e3o \u00e9 de R$ 100.<\/p>\n<p style=\"text-align: justify\">O edital (na \u00edntegra) est\u00e1 dispon\u00edvel no site da <a href=\"http:\/\/www.fepecs.edu.br\/\">FEPECS<\/a>, no campo &#8220;Processo Seletivo&#8221;.<\/p>\n<p><img loading=\"lazy\" decoding=\"async\" class=\"aligncenter size-full wp-image-1970\" src=\"http:\/\/www.sindenfermeiro.com.br\/wp-content\/uploads\/2017\/11\/WhatsApp-Image-2017-11-06-at-11.06.18.jpeg\" alt=\"\" width=\"800\" height=\"533\" \/><\/p>\n<p style=\"text-align: justify\"><strong>Transfer\u00eancia ESCS<\/strong><\/p>\n<p style=\"text-align: justify\"><strong>Local:<\/strong> Coordena\u00e7\u00e3o de Processos Seletivos (CPS) &#8211; FEPECS &#8211; Setor M\u00e9dico Hospitalar Norte, Quadra 03, Conjunto A, Bloco 01.<\/p>\n<p style=\"text-align: justify\"><strong>Hor\u00e1rio:<\/strong> 8h30 \u00e0s 11h30 \/ 14h30 \u00e0s 17h<\/p>\n<p style=\"text-align: justify\"><strong>Taxa de inscri\u00e7\u00e3o:<\/strong> R$ 100,00 (cem reais).<\/p>\n","protected":false},"excerpt":{"rendered":"<p>A partir dessa segunda (6), estudantes de Enfermagem podem se inscrever para concorrer a uma vaga &#8211; por transfer\u00eancia &#8211; na Escola Superior de Ci\u00eancias da Sa\u00fade (ESCS). As inscri\u00e7\u00f5es v\u00e3o at\u00e9 sexta (10). Conforme o edital publicado pela Funda\u00e7\u00e3o de Ensino e Pesquisa em Ci\u00eancias da Sa\u00fade (FEPECS), o processo seletivo contempla &#8220;estudantes &#8211; [&hellip;]<\/p>\n","protected":false},"author":6,"featured_media":1970,"comment_status":"closed","ping_status":"closed","sticky":false,"template":"","format":"standard","meta":{"footnotes":""},"categories":[6,2],"tags":[],"class_list":["post-1967","post","type-post","status-publish","format-standard","has-post-thumbnail","hentry","category-noticias","category-teste"],"_links":{"self":[{"href":"https:\/\/sindenfermeiro.com.br\/index.php\/wp-json\/wp\/v2\/posts\/1967","targetHints":{"allow":["GET"]}}],"collection":[{"href":"https:\/\/sindenfermeiro.com.br\/index.php\/wp-json\/wp\/v2\/posts"}],"about":[{"href":"https:\/\/sindenfermeiro.com.br\/index.php\/wp-json\/wp\/v2\/types\/post"}],"author":[{"embeddable":true,"href":"https:\/\/sindenfermeiro.com.br\/index.php\/wp-json\/wp\/v2\/users\/6"}],"replies":[{"embeddable":true,"href":"https:\/\/sindenfermeiro.com.br\/index.php\/wp-json\/wp\/v2\/comments?post=1967"}],"version-history":[{"count":1,"href":"https:\/\/sindenfermeiro.com.br\/index.php\/wp-json\/wp\/v2\/posts\/1967\/revisions"}],"predecessor-version":[{"id":20656,"href":"https:\/\/sindenfermeiro.com.br\/index.php\/wp-json\/wp\/v2\/posts\/1967\/revisions\/20656"}],"wp:featuredmedia":[{"embeddable":true,"href":"https:\/\/sindenfermeiro.com.br\/index.php\/wp-json\/"}],"wp:attachment":[{"href":"https:\/\/sindenfermeiro.com.br\/index.php\/wp-json\/wp\/v2\/media?parent=1967"}],"wp:term":[{"taxonomy":"category","embeddable":true,"href":"https:\/\/sindenfermeiro.com.br\/index.php\/wp-json\/wp\/v2\/categories?post=1967"},{"taxonomy":"post_tag","embeddable":true,"href":"https:\/\/sindenfermeiro.com.br\/index.php\/wp-json\/wp\/v2\/tags?post=1967"}],"curies":[{"name":"wp","href":"https:\/\/api.w.org\/{rel}","templated":true}]}}