{"id":19588,"date":"2019-08-13T14:24:04","date_gmt":"2019-08-13T17:24:04","guid":{"rendered":"https:\/\/sindenfermeiro.com.br\/?p=19588"},"modified":"2026-04-30T07:36:04","modified_gmt":"2026-04-30T10:36:04","slug":"nota-de-esclarecimento-saudeserv-iprev","status":"publish","type":"post","link":"https:\/\/sindenfermeiro.com.br\/index.php\/2019\/08\/13\/nota-de-esclarecimento-saudeserv-iprev\/","title":{"rendered":"Nota de Esclarecimento \u2013 SAUDESERV\/IPREV"},"content":{"rendered":"<p><img loading=\"lazy\" decoding=\"async\" class=\"size-medium wp-image-19984 aligncenter\" src=\"https:\/\/sindenfermeiro.com.br\/wp-content\/uploads\/2019\/08\/Nota-Jur\u00eddico-295x300.jpg\" alt=\"\" width=\"295\" height=\"300\" srcset=\"https:\/\/sindenfermeiro.com.br\/wp-content\/uploads\/2019\/08\/Nota-Jur\u00eddico-295x300.jpg 295w, https:\/\/sindenfermeiro.com.br\/wp-content\/uploads\/2019\/08\/Nota-Jur\u00eddico-768x780.jpg 768w, https:\/\/sindenfermeiro.com.br\/wp-content\/uploads\/2019\/08\/Nota-Jur\u00eddico-1008x1024.jpg 1008w\" sizes=\"auto, (max-width: 295px) 100vw, 295px\" \/><\/p>\n<p>No dia 09 de agosto, o Instituto de Previd\u00eancia dos Servidores do Distrito Federal (IPREV-DF) criou atrav\u00e9s da Portaria n\u00ba 68, o Programa de Assist\u00eancia \u00e0 Sa\u00fade dos Servidores do IPREV (SAUDEPREV) \u2013 que prev\u00ea o ressarcimento parcial dos valores gastos pelos servidores com planos de sa\u00fade ou seguros de vida.<\/p>\n<p>Segundo o regulamento, o benefici\u00e1rio deve aderir a um plano de sa\u00fade que contemple consultas de rotina, exames laboratoriais e radiol\u00f3gicos, al\u00e9m de interven\u00e7\u00f5es cl\u00ednicas e cir\u00fargicas. Al\u00e9m disso, institui o pagamento de at\u00e9 R$ 450,00 para o benefici\u00e1rio titular, e at\u00e9 R$ 150,00 para cada dependente, com o limite m\u00e1ximo de tr\u00eas.<\/p>\n<p>No entanto, o Artigo 3\u00b0 da Portaria estabelece a exclusividade do benef\u00edcio aos servidores ativos do IPREV e seus dependentes, ocupantes de cargos comissionados ou cedidos a outros \u00f3rg\u00e3os, al\u00e9m dos servidores aposentados por tempo de servi\u00e7o ou invalidez. Sendo assim, os servidores de outros \u00f3rg\u00e3os n\u00e3o fazem parte do grupo de benefici\u00e1rios do SAUDESERV.<\/p>\n<p>A portaria completa est\u00e1 dispon\u00edvel para leitura <a href=\"http:\/\/www.sinj.df.gov.br\/sinj\/Norma\/adb85c1d55cc48f283e3a22d636a7968\/iprev_prt_68_2019.html\">aqui<\/a>, e em caso de d\u00favidas, entre em contato atrav\u00e9s do n\u00famero (61) 3273-0307.<\/p>\n","protected":false},"excerpt":{"rendered":"<p>No dia 09 de agosto, o Instituto de Previd\u00eancia dos Servidores do Distrito Federal (IPREV-DF) criou atrav\u00e9s da Portaria n\u00ba 68, o Programa de Assist\u00eancia \u00e0 Sa\u00fade dos Servidores do IPREV (SAUDEPREV) \u2013 que prev\u00ea o ressarcimento parcial dos valores gastos pelos servidores com planos de sa\u00fade ou seguros de vida. Segundo o regulamento, o [&hellip;]<\/p>\n","protected":false},"author":6,"featured_media":37017,"comment_status":"open","ping_status":"open","sticky":false,"template":"","format":"standard","meta":{"footnotes":""},"categories":[334,6],"tags":[84,54,331,174,61,148,43,332,21],"class_list":["post-19588","post","type-post","status-publish","format-standard","has-post-thumbnail","hentry","category-juridico","category-noticias","tag-df","tag-enfermeiros","tag-esclarecimento","tag-iprev","tag-juridico","tag-nota","tag-saude","tag-saudeserv","tag-sindenfermeiro"],"_links":{"self":[{"href":"https:\/\/sindenfermeiro.com.br\/index.php\/wp-json\/wp\/v2\/posts\/19588","targetHints":{"allow":["GET"]}}],"collection":[{"href":"https:\/\/sindenfermeiro.com.br\/index.php\/wp-json\/wp\/v2\/posts"}],"about":[{"href":"https:\/\/sindenfermeiro.com.br\/index.php\/wp-json\/wp\/v2\/types\/post"}],"author":[{"embeddable":true,"href":"https:\/\/sindenfermeiro.com.br\/index.php\/wp-json\/wp\/v2\/users\/6"}],"replies":[{"embeddable":true,"href":"https:\/\/sindenfermeiro.com.br\/index.php\/wp-json\/wp\/v2\/comments?post=19588"}],"version-history":[{"count":3,"href":"https:\/\/sindenfermeiro.com.br\/index.php\/wp-json\/wp\/v2\/posts\/19588\/revisions"}],"predecessor-version":[{"id":20028,"href":"https:\/\/sindenfermeiro.com.br\/index.php\/wp-json\/wp\/v2\/posts\/19588\/revisions\/20028"}],"wp:featuredmedia":[{"embeddable":true,"href":"https:\/\/sindenfermeiro.com.br\/index.php\/wp-json\/wp\/v2\/media\/37017"}],"wp:attachment":[{"href":"https:\/\/sindenfermeiro.com.br\/index.php\/wp-json\/wp\/v2\/media?parent=19588"}],"wp:term":[{"taxonomy":"category","embeddable":true,"href":"https:\/\/sindenfermeiro.com.br\/index.php\/wp-json\/wp\/v2\/categories?post=19588"},{"taxonomy":"post_tag","embeddable":true,"href":"https:\/\/sindenfermeiro.com.br\/index.php\/wp-json\/wp\/v2\/tags?post=19588"}],"curies":[{"name":"wp","href":"https:\/\/api.w.org\/{rel}","templated":true}]}}