{"id":1956,"date":"2017-11-01T19:15:58","date_gmt":"2017-11-01T19:15:58","guid":{"rendered":"http:\/\/www.sindenfermeiro.com.br\/?p=1956"},"modified":"2026-04-29T16:42:51","modified_gmt":"2026-04-29T19:42:51","slug":"escola-superior-de-ciencias-da-saude-abre-edital-para-programas-de-residencia","status":"publish","type":"post","link":"https:\/\/sindenfermeiro.com.br\/index.php\/2017\/11\/01\/escola-superior-de-ciencias-da-saude-abre-edital-para-programas-de-residencia\/","title":{"rendered":"Escola Superior de Ci\u00eancias da Sa\u00fade abre edital para programas de resid\u00eancia"},"content":{"rendered":"<p style=\"text-align: justify\">A Escola Superior de Ci\u00eancias da Sa\u00fade (ESCS) abriu edital para programas de resid\u00eancia em 2018. Ao todo, s\u00e3o 109 vagas para enfermagem entre modalidades uni e multiprofissionais. Os candidatos podem optar por programas como os de Enfermagem em Centro Cir\u00fargico, Nefrologia e Obstetr\u00edcia, ou Aten\u00e7\u00e3o ao C\u00e2ncer e Sa\u00fade da Fam\u00edlia. Gest\u00e3o de Pol\u00edticas P\u00fablicas para a Sa\u00fade tamb\u00e9m \u00e9 uma das alternativas (<a href=\"http:\/\/www.iades.com.br\/inscricao\/Default\">confira a tabela completa<\/a>).<\/p>\n<p><img loading=\"lazy\" decoding=\"async\" class=\"aligncenter size-full wp-image-1957\" src=\"http:\/\/www.sindenfermeiro.com.br\/wp-content\/uploads\/2017\/11\/escs-55244029650de.jpg\" alt=\"\" width=\"300\" height=\"250\" \/><\/p>\n<p style=\"text-align: justify\">As inscri\u00e7\u00f5es v\u00e3o at\u00e9 10 de novembro e podem ser feitas pelo site do site do <a href=\"http:\/\/www.iades.com.br\/inscricao\/Default\">Instituto Americano de Desenvolvimento (Iades)<\/a>, onde o candidato tamb\u00e9m tem acesso ao edital completo. A taxa de inscri\u00e7\u00e3o \u00e9 de R$ 246. A prova ser\u00e1 no dia 3 de dezembro.<\/p>\n<p style=\"text-align: justify\">Al\u00e9m da enfermagem, tamb\u00e9m h\u00e1 programas para fisioterapeutas, nutricionistas, m\u00e9dicos, assistentes sociais e psic\u00f3logos, dentre outras especialidades.<\/p>\n","protected":false},"excerpt":{"rendered":"<p>A Escola Superior de Ci\u00eancias da Sa\u00fade (ESCS) abriu edital para programas de resid\u00eancia em 2018. Ao todo, s\u00e3o 109 vagas para enfermagem entre modalidades uni e multiprofissionais. Os candidatos podem optar por programas como os de Enfermagem em Centro Cir\u00fargico, Nefrologia e Obstetr\u00edcia, ou Aten\u00e7\u00e3o ao C\u00e2ncer e Sa\u00fade da Fam\u00edlia. Gest\u00e3o de Pol\u00edticas [&hellip;]<\/p>\n","protected":false},"author":6,"featured_media":1957,"comment_status":"closed","ping_status":"closed","sticky":false,"template":"","format":"standard","meta":{"footnotes":""},"categories":[6,2],"tags":[],"class_list":["post-1956","post","type-post","status-publish","format-standard","has-post-thumbnail","hentry","category-noticias","category-teste"],"_links":{"self":[{"href":"https:\/\/sindenfermeiro.com.br\/index.php\/wp-json\/wp\/v2\/posts\/1956","targetHints":{"allow":["GET"]}}],"collection":[{"href":"https:\/\/sindenfermeiro.com.br\/index.php\/wp-json\/wp\/v2\/posts"}],"about":[{"href":"https:\/\/sindenfermeiro.com.br\/index.php\/wp-json\/wp\/v2\/types\/post"}],"author":[{"embeddable":true,"href":"https:\/\/sindenfermeiro.com.br\/index.php\/wp-json\/wp\/v2\/users\/6"}],"replies":[{"embeddable":true,"href":"https:\/\/sindenfermeiro.com.br\/index.php\/wp-json\/wp\/v2\/comments?post=1956"}],"version-history":[{"count":1,"href":"https:\/\/sindenfermeiro.com.br\/index.php\/wp-json\/wp\/v2\/posts\/1956\/revisions"}],"predecessor-version":[{"id":36768,"href":"https:\/\/sindenfermeiro.com.br\/index.php\/wp-json\/wp\/v2\/posts\/1956\/revisions\/36768"}],"wp:featuredmedia":[{"embeddable":true,"href":"https:\/\/sindenfermeiro.com.br\/index.php\/wp-json\/"}],"wp:attachment":[{"href":"https:\/\/sindenfermeiro.com.br\/index.php\/wp-json\/wp\/v2\/media?parent=1956"}],"wp:term":[{"taxonomy":"category","embeddable":true,"href":"https:\/\/sindenfermeiro.com.br\/index.php\/wp-json\/wp\/v2\/categories?post=1956"},{"taxonomy":"post_tag","embeddable":true,"href":"https:\/\/sindenfermeiro.com.br\/index.php\/wp-json\/wp\/v2\/tags?post=1956"}],"curies":[{"name":"wp","href":"https:\/\/api.w.org\/{rel}","templated":true}]}}