{"id":1953,"date":"2017-10-31T13:33:37","date_gmt":"2017-10-31T13:33:37","guid":{"rendered":"http:\/\/www.sindenfermeiro.com.br\/?p=1953"},"modified":"2026-04-29T16:44:38","modified_gmt":"2026-04-29T19:44:38","slug":"assessoria-juridica-do-sindenfermeiro-prepara-cartilha-sobre-reforma-trabalhista","status":"publish","type":"post","link":"https:\/\/sindenfermeiro.com.br\/index.php\/2017\/10\/31\/assessoria-juridica-do-sindenfermeiro-prepara-cartilha-sobre-reforma-trabalhista\/","title":{"rendered":"Assessoria jur\u00eddica do SindEnfermeiro prepara cartilha sobre Reforma Trabalhista"},"content":{"rendered":"<p style=\"text-align: justify\">A Reforma Trabalhista entrar\u00e1 em vigor em 11 de novembro e trar\u00e1 mais de cem altera\u00e7\u00f5es na atual Consolida\u00e7\u00e3o das Leis do Trabalho (CLT). Para esclarecer as d\u00favidas dos trabalhadores, a assessoria jur\u00eddica do SindEnferrmeiro est\u00e1 preparando uma cartilha que monta um quadro comparativo entre a nova e a antiga legisla\u00e7\u00e3o. O texto da Reforma Trabalhista est\u00e1 sendo analisado para que o atendimento aos trabalhadores continue eficiente.<\/p>\n<p style=\"text-align: justify\">Esse documento que estamos elaborando \u00e9 uma forma de orientar o Sindicato e seus representados para enfrentarem a nova legisla\u00e7\u00e3o. Estamos sempre ao lado dos enfermeiros e lutando para que os direitos sejam mantidos e respeitados.<\/p>\n<p style=\"text-align: justify\">Ressaltamos que os casos individuais e coletivos em rela\u00e7\u00e3o ao descumprimento da lei por parte das empresas seguem sendo atendidos pela assessoria, que busca sempre o melhor acordo em benef\u00edcio dos enfermeiros.<\/p>\n","protected":false},"excerpt":{"rendered":"<p>A Reforma Trabalhista entrar\u00e1 em vigor em 11 de novembro e trar\u00e1 mais de cem altera\u00e7\u00f5es na atual Consolida\u00e7\u00e3o das Leis do Trabalho (CLT). Para esclarecer as d\u00favidas dos trabalhadores, a assessoria jur\u00eddica do SindEnferrmeiro est\u00e1 preparando uma cartilha que monta um quadro comparativo entre a nova e a antiga legisla\u00e7\u00e3o. O texto da Reforma [&hellip;]<\/p>\n","protected":false},"author":6,"featured_media":1955,"comment_status":"closed","ping_status":"closed","sticky":false,"template":"","format":"standard","meta":{"footnotes":""},"categories":[6,2],"tags":[],"class_list":["post-1953","post","type-post","status-publish","format-standard","has-post-thumbnail","hentry","category-noticias","category-teste"],"_links":{"self":[{"href":"https:\/\/sindenfermeiro.com.br\/index.php\/wp-json\/wp\/v2\/posts\/1953","targetHints":{"allow":["GET"]}}],"collection":[{"href":"https:\/\/sindenfermeiro.com.br\/index.php\/wp-json\/wp\/v2\/posts"}],"about":[{"href":"https:\/\/sindenfermeiro.com.br\/index.php\/wp-json\/wp\/v2\/types\/post"}],"author":[{"embeddable":true,"href":"https:\/\/sindenfermeiro.com.br\/index.php\/wp-json\/wp\/v2\/users\/6"}],"replies":[{"embeddable":true,"href":"https:\/\/sindenfermeiro.com.br\/index.php\/wp-json\/wp\/v2\/comments?post=1953"}],"version-history":[{"count":1,"href":"https:\/\/sindenfermeiro.com.br\/index.php\/wp-json\/wp\/v2\/posts\/1953\/revisions"}],"predecessor-version":[{"id":37175,"href":"https:\/\/sindenfermeiro.com.br\/index.php\/wp-json\/wp\/v2\/posts\/1953\/revisions\/37175"}],"wp:featuredmedia":[{"embeddable":true,"href":"https:\/\/sindenfermeiro.com.br\/index.php\/wp-json\/"}],"wp:attachment":[{"href":"https:\/\/sindenfermeiro.com.br\/index.php\/wp-json\/wp\/v2\/media?parent=1953"}],"wp:term":[{"taxonomy":"category","embeddable":true,"href":"https:\/\/sindenfermeiro.com.br\/index.php\/wp-json\/wp\/v2\/categories?post=1953"},{"taxonomy":"post_tag","embeddable":true,"href":"https:\/\/sindenfermeiro.com.br\/index.php\/wp-json\/wp\/v2\/tags?post=1953"}],"curies":[{"name":"wp","href":"https:\/\/api.w.org\/{rel}","templated":true}]}}