{"id":1944,"date":"2017-10-30T19:39:47","date_gmt":"2017-10-30T19:39:47","guid":{"rendered":"http:\/\/www.sindenfermeiro.com.br\/?p=1944"},"modified":"2026-04-29T16:44:16","modified_gmt":"2026-04-29T19:44:16","slug":"frente-unica-da-enfermagem-mobiliza-profissionais-e-populacao-do-recanto-das-emas","status":"publish","type":"post","link":"https:\/\/sindenfermeiro.com.br\/index.php\/2017\/10\/30\/frente-unica-da-enfermagem-mobiliza-profissionais-e-populacao-do-recanto-das-emas\/","title":{"rendered":"Frente \u00danica da Enfermagem mobiliza profissionais e popula\u00e7\u00e3o do Recanto das Emas"},"content":{"rendered":"<p style=\"text-align: justify\">Nessa segunda (30), a Frente \u00danica da Enfermagem (FUEnf) esteve no Recanto das Emas para um trabalho de conscientiza\u00e7\u00e3o social a respeito da import\u00e2ncia da enfermagem. Durante o Ato em Valoriza\u00e7\u00e3o da Sa\u00fade P\u00fablica e Enfermagem do DF, representantes da FUEnf, de Conselhos Regionais e profissionais da sa\u00fade, estudantes e cidad\u00e3os esclareceram o papel do profissional de enfermagem \u00e0 popula\u00e7\u00e3o. O movimento passou pelos Centros de Sa\u00fade e Cl\u00ednicas da Fam\u00edlia da regi\u00e3o.<\/p>\n<p style=\"text-align: justify\">Na contram\u00e3o do que a Enfermagem e a popula\u00e7\u00e3o acreditam ser uma vis\u00e3o corporativista &#8211; em detrimento da plena assist\u00eancia \u00e0 popula\u00e7\u00e3o -, a iniciativa surgiu como um ato educativo e social para contrapor a liminar &#8211; concedida em favor ao Conselho Federal de Medicina &#8211; que proibiu enfermeiros de solicitarem exames e fazerem consultas de enfermagem. A decis\u00e3o favor\u00e1vel ao CFM, no entanto, deixou de ter validade no \u00faltimo dia 19 de outubro. Com isso, os profissionais de enfermagem voltaram a exercer suas fun\u00e7\u00f5es.<\/p>\n<p style=\"text-align: justify\">Presidente do Sindicato dos Enfermeiros, Dayse Amar\u00edlio, chamou a aten\u00e7\u00e3o para a import\u00e2ncia de um sistema de sa\u00fade efetivamente multidisciplinar, em prol da assist\u00eancia \u00e0 popula\u00e7\u00e3o. &#8220;Isso n\u00e3o \u00e9 uma guerra de categorias. Temos que ter a consci\u00eancia de que n\u00e3o podemos colocar um interesse pessoal ou de uma categoria acima de um bem como a sa\u00fade das pessoas&#8221;, destacou Dayse.<\/p>\n<p><img loading=\"lazy\" decoding=\"async\" class=\"aligncenter size-full wp-image-1946\" src=\"http:\/\/www.sindenfermeiro.com.br\/wp-content\/uploads\/2017\/10\/MG_2536.jpg\" alt=\"\" width=\"6000\" height=\"4000\" \/><\/p>\n<p style=\"text-align: justify\"><strong>Cuidar e salvar<\/strong><\/p>\n<p style=\"text-align: justify\">Cleusa Claudina (45), moradora do Recanto das Emas, levou seu depoimento ao ato dessa segunda. Diagnosticada com diabetes gestacional, Cleusa teve a gravidez salva a partir de um pedido de exame feito por uma enfermeira.<br \/>\n&#8220;Sou a prova de que as enfermeiras tem um papel importante dentro da Sa\u00fade. Principalmente para aqueles que n\u00e3o t\u00eam acesso \u00e0 uma sa\u00fade mais abrangente&#8221;, come\u00e7ou a contar sua hist\u00f3ria.<\/p>\n<p style=\"text-align: justify\">&#8220;Fui atendida por uma enfermeira e, gra\u00e7as ao pedido de exame feito por ela, fui diagnosticada com minha glicose nas alturas. N\u00e3o foi nenhum m\u00e9dico que me atendeu. N\u00e3o tinha nenhum m\u00e9dico no dia que vim no posto. Quem estava aqui eram as enfermeiras que salvaram minha vida&#8221;, contou Cleusa.<\/p>\n<p><img loading=\"lazy\" decoding=\"async\" class=\"aligncenter size-full wp-image-1945\" src=\"http:\/\/www.sindenfermeiro.com.br\/wp-content\/uploads\/2017\/10\/MG_2477.jpg\" alt=\"\" width=\"6000\" height=\"4000\" \/><\/p>\n<p style=\"text-align: justify\"><strong>Garantia de assist\u00eancia \u00e0 popula\u00e7\u00e3o<\/strong><\/p>\n<p style=\"text-align: justify\">Rosalina Sudo, presidente da Associa\u00e7\u00e3o Brasileira de Enfermagem do DF (ABEn-DF), lembrou que o objetivo da enfermagem \u00e9 garantir o acesso pleno ao Sistema \u00danico de Sa\u00fade (SUS). &#8220;Nossa luta \u00e9 para que possamos garantir a assist\u00eancia \u00e0 popula\u00e7\u00e3o no SUS.<\/p>\n<p style=\"text-align: justify\">Rosalina tamb\u00e9m chamou a aten\u00e7\u00e3o para a import\u00e2ncia das consultas de enfermagem, que foram prejudicadas, enquanto a liminar esteve em vigor. &#8220;A consulta de enfermagem \u00e9 o que garante a continuidade de tratamentos para hipertens\u00e3o, diabetes, tuberculose, hansen\u00edase, ou o pr\u00e9-natal, na aten\u00e7\u00e3o b\u00e1sica&#8221;, lembrou.<\/p>\n<p><img loading=\"lazy\" decoding=\"async\" class=\"aligncenter size-full wp-image-1951\" src=\"http:\/\/www.sindenfermeiro.com.br\/wp-content\/uploads\/2017\/10\/MG_2707.jpg\" alt=\"\" width=\"6000\" height=\"4000\" \/><\/p>\n<p style=\"text-align: justify\">Vice-presidente do Sindicato dos T\u00e9cnicos e Auxiliares em Enfermagem (Sindate-DF), Jorge Vianna destacou que &#8220;o importante \u00e9 a popula\u00e7\u00e3o ter consci\u00eancia de que os profissionais de enfermagem atuam e possuem papel relevante&#8221;.<\/p>\n<p style=\"text-align: justify\">Gilney Guerra, presidente do Conselho Regional de Enfermagem (Coren-DF) lembrou que &#8220;a popula\u00e7\u00e3o precisa da enfermagem pra ser melhor assistida&#8221;. Gilney recordou que, durante a validade da liminar que impedia enfermeiros de solicitar exames, &#8220;o Brasil todo parou&#8221;.<\/p>\n<p style=\"text-align: justify\">No entanto, ainda de acordo com o presidente do Coren-DF, a uni\u00e3o entre as entidades que representam a enfermagem no DF foi fundamental para que a Justi\u00e7a revisasse a decis\u00e3o. &#8220;O Distrito Federal foi um dos poucos em que a paralisa\u00e7\u00e3o foi tempor\u00e1ria porque nos unimos&#8221;, disse Gilney, mencionando a Portaria 218, que autoriza enfermeiros a solicitarem exames e que foi base argumentativa para a invalida\u00e7\u00e3o da liminar favoravel ao CFM.<\/p>\n<p><img loading=\"lazy\" decoding=\"async\" class=\"aligncenter size-full wp-image-1948\" src=\"http:\/\/www.sindenfermeiro.com.br\/wp-content\/uploads\/2017\/10\/MG_2614.jpg\" alt=\"\" width=\"6000\" height=\"4000\" \/><\/p>\n<p style=\"text-align: justify\"><strong>Uni\u00e3o e representatividade<\/strong><\/p>\n<p style=\"text-align: justify\">A Frente \u00danica da Enfermagem (FUEnf) \u00e9 formada pelos Sindicatos dos Enfermeiros (SindEnfermeiro-DF), dos Auxiliares e T\u00e9cnicos (Sindate-DF), pela Associa\u00e7\u00e3o Brasileira (ABEn-DF) e Conselho Regional de Enfermagem (Coren-DF) e atua em causas comuns, com o objetivo de somar as for\u00e7as e representatividades das entidades em prol de melhorias na Enfermagem do Distrito Federal.<\/p>\n","protected":false},"excerpt":{"rendered":"<p>Nessa segunda (30), a Frente \u00danica da Enfermagem (FUEnf) esteve no Recanto das Emas para um trabalho de conscientiza\u00e7\u00e3o social a respeito da import\u00e2ncia da enfermagem. Durante o Ato em Valoriza\u00e7\u00e3o da Sa\u00fade P\u00fablica e Enfermagem do DF, representantes da FUEnf, de Conselhos Regionais e profissionais da sa\u00fade, estudantes e cidad\u00e3os esclareceram o papel do [&hellip;]<\/p>\n","protected":false},"author":6,"featured_media":1948,"comment_status":"closed","ping_status":"closed","sticky":false,"template":"","format":"standard","meta":{"footnotes":""},"categories":[6,2],"tags":[],"class_list":["post-1944","post","type-post","status-publish","format-standard","has-post-thumbnail","hentry","category-noticias","category-teste"],"_links":{"self":[{"href":"https:\/\/sindenfermeiro.com.br\/index.php\/wp-json\/wp\/v2\/posts\/1944","targetHints":{"allow":["GET"]}}],"collection":[{"href":"https:\/\/sindenfermeiro.com.br\/index.php\/wp-json\/wp\/v2\/posts"}],"about":[{"href":"https:\/\/sindenfermeiro.com.br\/index.php\/wp-json\/wp\/v2\/types\/post"}],"author":[{"embeddable":true,"href":"https:\/\/sindenfermeiro.com.br\/index.php\/wp-json\/wp\/v2\/users\/6"}],"replies":[{"embeddable":true,"href":"https:\/\/sindenfermeiro.com.br\/index.php\/wp-json\/wp\/v2\/comments?post=1944"}],"version-history":[{"count":1,"href":"https:\/\/sindenfermeiro.com.br\/index.php\/wp-json\/wp\/v2\/posts\/1944\/revisions"}],"predecessor-version":[{"id":36834,"href":"https:\/\/sindenfermeiro.com.br\/index.php\/wp-json\/wp\/v2\/posts\/1944\/revisions\/36834"}],"wp:featuredmedia":[{"embeddable":true,"href":"https:\/\/sindenfermeiro.com.br\/index.php\/wp-json\/"}],"wp:attachment":[{"href":"https:\/\/sindenfermeiro.com.br\/index.php\/wp-json\/wp\/v2\/media?parent=1944"}],"wp:term":[{"taxonomy":"category","embeddable":true,"href":"https:\/\/sindenfermeiro.com.br\/index.php\/wp-json\/wp\/v2\/categories?post=1944"},{"taxonomy":"post_tag","embeddable":true,"href":"https:\/\/sindenfermeiro.com.br\/index.php\/wp-json\/wp\/v2\/tags?post=1944"}],"curies":[{"name":"wp","href":"https:\/\/api.w.org\/{rel}","templated":true}]}}