{"id":194,"date":"2016-11-22T18:27:06","date_gmt":"2016-11-22T18:27:06","guid":{"rendered":"http:\/\/www.sindenfermeiro.com.br\/?p=194"},"modified":"2026-04-29T05:40:48","modified_gmt":"2026-04-29T08:40:48","slug":"sindenfermeiro-realiza-votacao-para-delegados-sindicais","status":"publish","type":"post","link":"https:\/\/sindenfermeiro.com.br\/index.php\/2016\/11\/22\/sindenfermeiro-realiza-votacao-para-delegados-sindicais\/","title":{"rendered":"SindEnfermeiro realiza elei\u00e7\u00f5es para delegados sindicais em fevereiro"},"content":{"rendered":"<p style=\"text-align: justify\"><span style=\"font-size: 14pt\"><strong><em>Inscri\u00e7\u00f5es v\u00e3o at\u00e9 28 de Janeiro \u00a0 \u00a0 \u00a0 \u00a0\u00a0<\/em><\/strong><\/span><\/p>\n<p style=\"text-align: justify\"><span style=\"font-size: 14pt\">Em fevereiro,\u00a0o SindEnfermeiro realizar\u00e1 elei\u00e7\u00f5es para delegados sindicais. As vota\u00e7\u00f5es acontecem em assembleias, nos hospitais regionais, entre os dias 7 e 16 do mesmo m\u00eas. O prazo para inscri\u00e7\u00e3o vai at\u00e9 o dia 28 de janeiro. O n\u00famero de eleitos, por unidade de sa\u00fade, varia de acordo com a quantidade \u00e9 de filiados por local de trabalho.<\/span><\/p>\n<p style=\"text-align: justify\"><span style=\"font-size: 14pt\">O candidato deve ser filiado junto ao Sindicato dos Enfermeiros e possuir, no m\u00ednimo, 6 meses de exerc\u00edcio profissional, na unidade em que trabalha. Al\u00e9m disso, deve estar em dia com o pagamento da anuidade e da mensalidade associativa e n\u00e3o exercer cargo ou fun\u00e7\u00e3o de chefia no estabelecimento empregador. Para se candidatar e para votar, o filiado tamb\u00e9m n\u00e3o pode estar sob advert\u00eancia, suspens\u00e3o ou exclus\u00e3o do quadro social.<\/span><\/p>\n<p style=\"text-align: justify\"><span style=\"font-size: 14pt\">Os delegados (titulares e suplentes) assumem os cargos, nos Conselhos Regionais e no Conselho Distrital de Sa\u00fade. Em caso de empate, o candidato sindicalizado h\u00e1 mais tempo assume.<\/span><\/p>\n<p><img loading=\"lazy\" decoding=\"async\" class=\"alignnone size-full wp-image-643\" src=\"http:\/\/www.sindenfermeiro.com.br\/wp-content\/uploads\/2016\/11\/post_delegadosSindicais.png\" alt=\"post_delegadosSindicais\" width=\"800\" height=\"800\" \/><\/p>\n<p><strong>O que faz o delegado sindical<\/strong><\/p>\n<p style=\"text-align: justify\"><span style=\"font-size: 14pt\">O delegado deve defender os direitos da categoria e tamb\u00e9m organiz\u00e1-la em seu local de trabalho. Dentre outras fun\u00e7\u00f5es, o filiado eleito deve trabalhar pela sindicaliza\u00e7\u00e3o dos profissionais de enfermagem e buscar &#8211; juntamente com a diretoria do sindicato &#8211; solu\u00e7\u00f5es para quest\u00f5es individuais e coletivas identificadas em sua unidade. O aux\u00edlio na organiza\u00e7\u00e3o e a divulga\u00e7\u00e3o de eventos promovidos pelo sindicato tamb\u00e9m \u00e9 parte do exerc\u00edcio do delegado.<\/span><\/p>\n<p style=\"text-align: justify\"><span style=\"font-size: 14pt\">O eleito tamb\u00e9m pode vir a representar a diretoria do SindEnfermeiro (quando for designado), participar de reuni\u00f5es do Conselho de delegados Sindicais, al\u00e9m de ter de cumprir e garantir o cumprimento do estatuto.<\/span><\/p>\n<p style=\"text-align: justify\"><span style=\"text-decoration: underline;font-size: 14pt\"><strong>Elei\u00e7\u00f5es (Delegados Sindicais) \u2013 Servi\u00e7o<\/strong><\/span><br \/>\n<span style=\"font-size: 14pt\"> <strong>Inscri\u00e7\u00f5es:<\/strong> At\u00e9 28 de Janeiro\u00a0<\/span><br \/>\n<span style=\"font-size: 14pt\"> <strong>Local de inscri\u00e7\u00e3o:<\/strong> Sindicato dos Enfermeiros \u2013 SEDF (714 Norte)<\/span><br \/>\n<span style=\"font-size: 14pt\"> <strong>Data das Vota\u00e7\u00f5es:<\/strong>\u00a07 a 16 de Fevereiro\u00a0<\/span><br \/>\n<span style=\"font-size: 14pt\"> <strong>Telefone para mais informa\u00e7\u00f5es: <\/strong>3273-0307<\/span><\/p>\n","protected":false},"excerpt":{"rendered":"<p>Inscri\u00e7\u00f5es v\u00e3o at\u00e9 28 de Janeiro \u00a0 \u00a0 \u00a0 \u00a0\u00a0 Em fevereiro,\u00a0o SindEnfermeiro realizar\u00e1 elei\u00e7\u00f5es para delegados sindicais. As vota\u00e7\u00f5es acontecem em assembleias, nos hospitais regionais, entre os dias 7 e 16 do mesmo m\u00eas. O prazo para inscri\u00e7\u00e3o vai at\u00e9 o dia 28 de janeiro. O n\u00famero de eleitos, por unidade de sa\u00fade, varia [&hellip;]<\/p>\n","protected":false},"author":6,"featured_media":198,"comment_status":"closed","ping_status":"closed","sticky":false,"template":"","format":"standard","meta":{"footnotes":""},"categories":[6,2],"tags":[],"class_list":["post-194","post","type-post","status-publish","format-standard","has-post-thumbnail","hentry","category-noticias","category-teste"],"_links":{"self":[{"href":"https:\/\/sindenfermeiro.com.br\/index.php\/wp-json\/wp\/v2\/posts\/194","targetHints":{"allow":["GET"]}}],"collection":[{"href":"https:\/\/sindenfermeiro.com.br\/index.php\/wp-json\/wp\/v2\/posts"}],"about":[{"href":"https:\/\/sindenfermeiro.com.br\/index.php\/wp-json\/wp\/v2\/types\/post"}],"author":[{"embeddable":true,"href":"https:\/\/sindenfermeiro.com.br\/index.php\/wp-json\/wp\/v2\/users\/6"}],"replies":[{"embeddable":true,"href":"https:\/\/sindenfermeiro.com.br\/index.php\/wp-json\/wp\/v2\/comments?post=194"}],"version-history":[{"count":1,"href":"https:\/\/sindenfermeiro.com.br\/index.php\/wp-json\/wp\/v2\/posts\/194\/revisions"}],"predecessor-version":[{"id":36807,"href":"https:\/\/sindenfermeiro.com.br\/index.php\/wp-json\/wp\/v2\/posts\/194\/revisions\/36807"}],"wp:featuredmedia":[{"embeddable":true,"href":"https:\/\/sindenfermeiro.com.br\/index.php\/wp-json\/"}],"wp:attachment":[{"href":"https:\/\/sindenfermeiro.com.br\/index.php\/wp-json\/wp\/v2\/media?parent=194"}],"wp:term":[{"taxonomy":"category","embeddable":true,"href":"https:\/\/sindenfermeiro.com.br\/index.php\/wp-json\/wp\/v2\/categories?post=194"},{"taxonomy":"post_tag","embeddable":true,"href":"https:\/\/sindenfermeiro.com.br\/index.php\/wp-json\/wp\/v2\/tags?post=194"}],"curies":[{"name":"wp","href":"https:\/\/api.w.org\/{rel}","templated":true}]}}