{"id":1939,"date":"2017-10-27T19:48:27","date_gmt":"2017-10-27T19:48:27","guid":{"rendered":"http:\/\/www.sindenfermeiro.com.br\/?p=1939"},"modified":"2026-04-29T16:43:23","modified_gmt":"2026-04-29T19:43:23","slug":"assembleia-geral-extraordinaria-2","status":"publish","type":"post","link":"https:\/\/sindenfermeiro.com.br\/index.php\/2017\/10\/27\/assembleia-geral-extraordinaria-2\/","title":{"rendered":"Assembleia Geral Extraordin\u00e1ria"},"content":{"rendered":"<p>No dia 7 de novembro (ter\u00e7a), \u00e0s 19h, o SindEnfermeiro realiza Assembleia Geral Extraordin\u00e1ria, na sede do sindicato (714 Norte).<\/p>\n<p>O assunto abordado ser\u00e1 a Conven\u00e7\u00e3o Coletiva de 2017.<\/p>\n<p>Esperamos por todos voc\u00eas!<\/p>\n<p><img loading=\"lazy\" decoding=\"async\" class=\"aligncenter size-full wp-image-1942\" src=\"http:\/\/www.sindenfermeiro.com.br\/wp-content\/uploads\/2017\/10\/WhatsApp-Image-2017-10-27-at-17.47.08.jpeg\" alt=\"\" width=\"1280\" height=\"853\" \/><\/p>\n<p>&#8212;&#8211;<br \/>\nASSEMBLEIA GERAL EXTRAORDIN\u00c1RIA:<\/p>\n<p>PAUTA: Conven\u00e7\u00e3o Coletiva de 2017<\/p>\n<p>HOR\u00c1RIO: 19h<\/p>\n<p>ENDERE\u00c7O DO SINDICATO: Sede SindEnfermeiro\/DF &#8211; Bloco H &#8211; Loja 02, Scln 714 &#8211; Asa Norte<\/p>\n<p>CONTATO: (61) 3273-0307 | 3349-8233<\/p>\n","protected":false},"excerpt":{"rendered":"<p>No dia 7 de novembro (ter\u00e7a), \u00e0s 19h, o SindEnfermeiro realiza Assembleia Geral Extraordin\u00e1ria, na sede do sindicato (714 Norte). O assunto abordado ser\u00e1 a Conven\u00e7\u00e3o Coletiva de 2017. Esperamos por todos voc\u00eas! &#8212;&#8211; ASSEMBLEIA GERAL EXTRAORDIN\u00c1RIA: PAUTA: Conven\u00e7\u00e3o Coletiva de 2017 HOR\u00c1RIO: 19h ENDERE\u00c7O DO SINDICATO: Sede SindEnfermeiro\/DF &#8211; Bloco H &#8211; Loja 02, [&hellip;]<\/p>\n","protected":false},"author":6,"featured_media":1942,"comment_status":"closed","ping_status":"closed","sticky":false,"template":"","format":"standard","meta":{"footnotes":""},"categories":[6,2],"tags":[],"class_list":["post-1939","post","type-post","status-publish","format-standard","has-post-thumbnail","hentry","category-noticias","category-teste"],"_links":{"self":[{"href":"https:\/\/sindenfermeiro.com.br\/index.php\/wp-json\/wp\/v2\/posts\/1939","targetHints":{"allow":["GET"]}}],"collection":[{"href":"https:\/\/sindenfermeiro.com.br\/index.php\/wp-json\/wp\/v2\/posts"}],"about":[{"href":"https:\/\/sindenfermeiro.com.br\/index.php\/wp-json\/wp\/v2\/types\/post"}],"author":[{"embeddable":true,"href":"https:\/\/sindenfermeiro.com.br\/index.php\/wp-json\/wp\/v2\/users\/6"}],"replies":[{"embeddable":true,"href":"https:\/\/sindenfermeiro.com.br\/index.php\/wp-json\/wp\/v2\/comments?post=1939"}],"version-history":[{"count":1,"href":"https:\/\/sindenfermeiro.com.br\/index.php\/wp-json\/wp\/v2\/posts\/1939\/revisions"}],"predecessor-version":[{"id":37171,"href":"https:\/\/sindenfermeiro.com.br\/index.php\/wp-json\/wp\/v2\/posts\/1939\/revisions\/37171"}],"wp:featuredmedia":[{"embeddable":true,"href":"https:\/\/sindenfermeiro.com.br\/index.php\/wp-json\/"}],"wp:attachment":[{"href":"https:\/\/sindenfermeiro.com.br\/index.php\/wp-json\/wp\/v2\/media?parent=1939"}],"wp:term":[{"taxonomy":"category","embeddable":true,"href":"https:\/\/sindenfermeiro.com.br\/index.php\/wp-json\/wp\/v2\/categories?post=1939"},{"taxonomy":"post_tag","embeddable":true,"href":"https:\/\/sindenfermeiro.com.br\/index.php\/wp-json\/wp\/v2\/tags?post=1939"}],"curies":[{"name":"wp","href":"https:\/\/api.w.org\/{rel}","templated":true}]}}