{"id":1936,"date":"2017-10-27T13:26:40","date_gmt":"2017-10-27T13:26:40","guid":{"rendered":"http:\/\/www.sindenfermeiro.com.br\/?p=1936"},"modified":"2026-04-29T16:44:06","modified_gmt":"2026-04-29T19:44:06","slug":"ii-encontro-da-rede-de-enfermagem-e-seguranca-do-paciente-do-distrito-federal","status":"publish","type":"post","link":"https:\/\/sindenfermeiro.com.br\/index.php\/2017\/10\/27\/ii-encontro-da-rede-de-enfermagem-e-seguranca-do-paciente-do-distrito-federal\/","title":{"rendered":"II Encontro da Rede de Enfermagem e Seguran\u00e7a do Paciente do Distrito Federal"},"content":{"rendered":"<p style=\"text-align: justify\">No dia 7 de novembro acontece o II Encontro da Rede de Enfermagem e Seguran\u00e7a do Paciente do Distrito Federal (REBRAENSP).<\/p>\n<p style=\"text-align: justify\">O evento contar\u00e1 com palestras sobre a consolida\u00e7\u00e3o do Programa Nacional de Seguran\u00e7a do Paciente e Hemovigil\u00e2ncia, al\u00e9m de mesa redonda a respeito dos avan\u00e7os e desafios encontrados nos N\u00facleos de Seguran\u00e7a do Paciente do DF.<\/p>\n<p style=\"text-align: left\">Fa\u00e7a sua incri\u00e7\u00e3o pelo link:\u00a0 https:\/\/docs.google.com\/forms\/d\/e\/1FAIpQLSe54L-lMS0FuDGpmyZmwOkNfMbU_Ej_sJG2Eo08ipjUSzrSFw\/viewform<\/p>\n<p style=\"text-align: justify\">N\u00e3o perca!<\/p>\n<p><img loading=\"lazy\" decoding=\"async\" class=\"aligncenter size-full wp-image-1937\" src=\"http:\/\/www.sindenfermeiro.com.br\/wp-content\/uploads\/2017\/10\/WhatsApp-Image-2017-10-27-at-11.04.16.jpeg\" alt=\"\" width=\"1280\" height=\"861\" \/><\/p>\n<p style=\"text-align: justify\">&#8212;&#8211;<\/p>\n<p style=\"text-align: justify\"><strong>II ENCONTRO DA REDE DE ENFERMAGEM E SEGURAN\u00c7A DO PACIENTE DO DF:<\/strong><\/p>\n<p style=\"text-align: justify\"><strong>DATA:<\/strong> 7 de Novembro<\/p>\n<p style=\"text-align: justify\"><strong>HOR\u00c1RIO:<\/strong> 13h30 \u00e0s 18h<\/p>\n<p style=\"text-align: justify\"><strong>LOCAL:<\/strong> Audit\u00f3rio 3 da Faculdade de Ci\u00eancias da Sa\u00fade (Campus Darcy Ribeiro)<\/p>\n<p style=\"text-align: justify\">&#8212;&#8211;<\/p>\n<p style=\"text-align: justify\"><strong>VALOR DAS INSCRI\u00c7\u00d5ES:<\/strong><\/p>\n<p style=\"text-align: justify\"><strong>At\u00e9 6 de Novembro:<\/strong> R$ 20<\/p>\n<p style=\"text-align: justify\"><strong>No dia e local do evento (7 de Novembro):<\/strong> R$ 30<\/p>\n","protected":false},"excerpt":{"rendered":"<p>No dia 7 de novembro acontece o II Encontro da Rede de Enfermagem e Seguran\u00e7a do Paciente do Distrito Federal (REBRAENSP). O evento contar\u00e1 com palestras sobre a consolida\u00e7\u00e3o do Programa Nacional de Seguran\u00e7a do Paciente e Hemovigil\u00e2ncia, al\u00e9m de mesa redonda a respeito dos avan\u00e7os e desafios encontrados nos N\u00facleos de Seguran\u00e7a do Paciente [&hellip;]<\/p>\n","protected":false},"author":6,"featured_media":1937,"comment_status":"closed","ping_status":"closed","sticky":false,"template":"","format":"standard","meta":{"footnotes":""},"categories":[6,2],"tags":[],"class_list":["post-1936","post","type-post","status-publish","format-standard","has-post-thumbnail","hentry","category-noticias","category-teste"],"_links":{"self":[{"href":"https:\/\/sindenfermeiro.com.br\/index.php\/wp-json\/wp\/v2\/posts\/1936","targetHints":{"allow":["GET"]}}],"collection":[{"href":"https:\/\/sindenfermeiro.com.br\/index.php\/wp-json\/wp\/v2\/posts"}],"about":[{"href":"https:\/\/sindenfermeiro.com.br\/index.php\/wp-json\/wp\/v2\/types\/post"}],"author":[{"embeddable":true,"href":"https:\/\/sindenfermeiro.com.br\/index.php\/wp-json\/wp\/v2\/users\/6"}],"replies":[{"embeddable":true,"href":"https:\/\/sindenfermeiro.com.br\/index.php\/wp-json\/wp\/v2\/comments?post=1936"}],"version-history":[{"count":1,"href":"https:\/\/sindenfermeiro.com.br\/index.php\/wp-json\/wp\/v2\/posts\/1936\/revisions"}],"predecessor-version":[{"id":26316,"href":"https:\/\/sindenfermeiro.com.br\/index.php\/wp-json\/wp\/v2\/posts\/1936\/revisions\/26316"}],"wp:featuredmedia":[{"embeddable":true,"href":"https:\/\/sindenfermeiro.com.br\/index.php\/wp-json\/"}],"wp:attachment":[{"href":"https:\/\/sindenfermeiro.com.br\/index.php\/wp-json\/wp\/v2\/media?parent=1936"}],"wp:term":[{"taxonomy":"category","embeddable":true,"href":"https:\/\/sindenfermeiro.com.br\/index.php\/wp-json\/wp\/v2\/categories?post=1936"},{"taxonomy":"post_tag","embeddable":true,"href":"https:\/\/sindenfermeiro.com.br\/index.php\/wp-json\/wp\/v2\/tags?post=1936"}],"curies":[{"name":"wp","href":"https:\/\/api.w.org\/{rel}","templated":true}]}}