{"id":1933,"date":"2017-10-26T19:38:11","date_gmt":"2017-10-26T19:38:11","guid":{"rendered":"http:\/\/www.sindenfermeiro.com.br\/?p=1933"},"modified":"2026-04-29T15:32:12","modified_gmt":"2026-04-29T18:32:12","slug":"ato-em-valorizacao-da-saude-e-enfermagem-do-df","status":"publish","type":"post","link":"https:\/\/sindenfermeiro.com.br\/index.php\/2017\/10\/26\/ato-em-valorizacao-da-saude-e-enfermagem-do-df\/","title":{"rendered":"ATO EM VALORIZA\u00c7\u00c3O DA SA\u00daDE E ENFERMAGEM DO DF"},"content":{"rendered":"<p style=\"text-align: justify\">A Frente \u00danica da Enfermagem (FUEnf) convida voc\u00ea a participar do Ato em Valoriza\u00e7\u00e3o da Sa\u00fade P\u00fablica e Enfermagem do DF.<\/p>\n<p style=\"text-align: justify\">A iniciativa acontece na pr\u00f3xima segunda, 30 de outubro, \u00e0s 9h, no Centro de Sa\u00fade 2 do Recanto das Emas.<\/p>\n<p style=\"text-align: justify\"><span class=\"text_exposed_show\">Todos s\u00e3o muito bem-vindos a esse movimento de conscientiza\u00e7\u00e3o a respeito import\u00e2ncia do profissional de enfermagem para a sociedade.<\/span><\/p>\n<div class=\"text_exposed_show\">\n<p style=\"text-align: justify\">Enfermeiras, enfermeiros, profissionais e conselheiros de sa\u00fade, cidad\u00e3os, l\u00edderes comunit\u00e1rios, estudantes, usu\u00e1rios e defensores do SUS, voc\u00eas s\u00e3o parte do sistema de sa\u00fade que preserva e salva tantas vidas.<\/p>\n<p style=\"text-align: justify\">Compare\u00e7am!<\/p>\n<p style=\"text-align: justify\">&gt;&gt;&gt; Enfermagem atuando, popula\u00e7\u00e3o assistida &lt;&lt;&lt;<\/p>\n<p style=\"text-align: justify\">&#8212;&#8211;<\/p>\n<p style=\"text-align: justify\"><strong>ATO EM VALORIZA\u00c7\u00c3O DA SA\u00daDE E ENFERMAGEM DO DF\u00a0<\/strong><br \/>\n<strong>DATA:<\/strong> Segunda-feira, 30 de outubro<br \/>\n<strong>LOCAL:<\/strong> Recanto das Emas &#8211; Centro de Sa\u00fade 2<br \/>\n<strong>HOR\u00c1RIO:<\/strong> 9h<\/p>\n<\/div>\n<p><img loading=\"lazy\" decoding=\"async\" class=\"aligncenter size-full wp-image-1934\" src=\"http:\/\/www.sindenfermeiro.com.br\/wp-content\/uploads\/2017\/10\/WhatsApp-Image-2017-10-26-at-17.21.07.jpeg\" alt=\"\" width=\"1280\" height=\"676\" \/><\/p>\n","protected":false},"excerpt":{"rendered":"<p>A Frente \u00danica da Enfermagem (FUEnf) convida voc\u00ea a participar do Ato em Valoriza\u00e7\u00e3o da Sa\u00fade P\u00fablica e Enfermagem do DF. A iniciativa acontece na pr\u00f3xima segunda, 30 de outubro, \u00e0s 9h, no Centro de Sa\u00fade 2 do Recanto das Emas. Todos s\u00e3o muito bem-vindos a esse movimento de conscientiza\u00e7\u00e3o a respeito import\u00e2ncia do profissional [&hellip;]<\/p>\n","protected":false},"author":6,"featured_media":1934,"comment_status":"closed","ping_status":"closed","sticky":false,"template":"","format":"standard","meta":{"footnotes":""},"categories":[6,2],"tags":[],"class_list":["post-1933","post","type-post","status-publish","format-standard","has-post-thumbnail","hentry","category-noticias","category-teste"],"_links":{"self":[{"href":"https:\/\/sindenfermeiro.com.br\/index.php\/wp-json\/wp\/v2\/posts\/1933","targetHints":{"allow":["GET"]}}],"collection":[{"href":"https:\/\/sindenfermeiro.com.br\/index.php\/wp-json\/wp\/v2\/posts"}],"about":[{"href":"https:\/\/sindenfermeiro.com.br\/index.php\/wp-json\/wp\/v2\/types\/post"}],"author":[{"embeddable":true,"href":"https:\/\/sindenfermeiro.com.br\/index.php\/wp-json\/wp\/v2\/users\/6"}],"replies":[{"embeddable":true,"href":"https:\/\/sindenfermeiro.com.br\/index.php\/wp-json\/wp\/v2\/comments?post=1933"}],"version-history":[{"count":1,"href":"https:\/\/sindenfermeiro.com.br\/index.php\/wp-json\/wp\/v2\/posts\/1933\/revisions"}],"predecessor-version":[{"id":23920,"href":"https:\/\/sindenfermeiro.com.br\/index.php\/wp-json\/wp\/v2\/posts\/1933\/revisions\/23920"}],"wp:featuredmedia":[{"embeddable":true,"href":"https:\/\/sindenfermeiro.com.br\/index.php\/wp-json\/"}],"wp:attachment":[{"href":"https:\/\/sindenfermeiro.com.br\/index.php\/wp-json\/wp\/v2\/media?parent=1933"}],"wp:term":[{"taxonomy":"category","embeddable":true,"href":"https:\/\/sindenfermeiro.com.br\/index.php\/wp-json\/wp\/v2\/categories?post=1933"},{"taxonomy":"post_tag","embeddable":true,"href":"https:\/\/sindenfermeiro.com.br\/index.php\/wp-json\/wp\/v2\/tags?post=1933"}],"curies":[{"name":"wp","href":"https:\/\/api.w.org\/{rel}","templated":true}]}}