{"id":1918,"date":"2017-10-24T18:09:03","date_gmt":"2017-10-24T18:09:03","guid":{"rendered":"http:\/\/www.sindenfermeiro.com.br\/?p=1918"},"modified":"2026-04-29T15:32:09","modified_gmt":"2026-04-29T18:32:09","slug":"reuniao-ato-de-valorizacao-do-sus","status":"publish","type":"post","link":"https:\/\/sindenfermeiro.com.br\/index.php\/2017\/10\/24\/reuniao-ato-de-valorizacao-do-sus\/","title":{"rendered":"Reuni\u00e3o &#8211; Ato de valoriza\u00e7\u00e3o do SUS"},"content":{"rendered":"<p>Enfermeiras, enfermeiros, profissionais e conselheiros de sa\u00fade, cidad\u00e3os, l\u00edderes comunit\u00e1rios, estudantes, usu\u00e1rios e defensores do SUS,<\/p>\n<p>A Frente \u00danica da Enfermagem (FUEnf) convida todos a participarem de reuni\u00e3o, na pr\u00f3xima quinta (26), \u00e0s 10h, no Sindicato dos Enfermeiros, para organizar ato em defesa da Sa\u00fade P\u00fablica e do SUS.<\/p>\n<p>Contamos com a presen\u00e7a de todos para construir, juntos, essa iniciativa de conscientiza\u00e7\u00e3o da import\u00e2ncia do SUS e do profissional de enfermagem, na assist\u00eancia prestada aos cidad\u00e3o.<\/p>\n<p><img loading=\"lazy\" decoding=\"async\" class=\"aligncenter size-full wp-image-1919\" src=\"http:\/\/www.sindenfermeiro.com.br\/wp-content\/uploads\/2017\/10\/WhatsApp-Image-2017-10-24-at-14.48.18.jpeg\" alt=\"\" width=\"1181\" height=\"1181\" \/><\/p>\n<p>&#8212;&#8211;<\/p>\n<p>REUNI\u00c3O: Ato de valoriza\u00e7\u00e3o do SUS<\/p>\n<p>Data: Pr\u00f3xima quinta, 26 de outubro<\/p>\n<p>LOCAL: Sede do SindEnfermeiro (714 Norte)<\/p>\n<p>Hor\u00e1rio: 10h<\/p>\n<p>&nbsp;<\/p>\n","protected":false},"excerpt":{"rendered":"<p>Enfermeiras, enfermeiros, profissionais e conselheiros de sa\u00fade, cidad\u00e3os, l\u00edderes comunit\u00e1rios, estudantes, usu\u00e1rios e defensores do SUS, A Frente \u00danica da Enfermagem (FUEnf) convida todos a participarem de reuni\u00e3o, na pr\u00f3xima quinta (26), \u00e0s 10h, no Sindicato dos Enfermeiros, para organizar ato em defesa da Sa\u00fade P\u00fablica e do SUS. Contamos com a presen\u00e7a de todos [&hellip;]<\/p>\n","protected":false},"author":6,"featured_media":1919,"comment_status":"closed","ping_status":"closed","sticky":false,"template":"","format":"standard","meta":{"footnotes":""},"categories":[6,2],"tags":[],"class_list":["post-1918","post","type-post","status-publish","format-standard","has-post-thumbnail","hentry","category-noticias","category-teste"],"_links":{"self":[{"href":"https:\/\/sindenfermeiro.com.br\/index.php\/wp-json\/wp\/v2\/posts\/1918","targetHints":{"allow":["GET"]}}],"collection":[{"href":"https:\/\/sindenfermeiro.com.br\/index.php\/wp-json\/wp\/v2\/posts"}],"about":[{"href":"https:\/\/sindenfermeiro.com.br\/index.php\/wp-json\/wp\/v2\/types\/post"}],"author":[{"embeddable":true,"href":"https:\/\/sindenfermeiro.com.br\/index.php\/wp-json\/wp\/v2\/users\/6"}],"replies":[{"embeddable":true,"href":"https:\/\/sindenfermeiro.com.br\/index.php\/wp-json\/wp\/v2\/comments?post=1918"}],"version-history":[{"count":1,"href":"https:\/\/sindenfermeiro.com.br\/index.php\/wp-json\/wp\/v2\/posts\/1918\/revisions"}],"predecessor-version":[{"id":32596,"href":"https:\/\/sindenfermeiro.com.br\/index.php\/wp-json\/wp\/v2\/posts\/1918\/revisions\/32596"}],"wp:featuredmedia":[{"embeddable":true,"href":"https:\/\/sindenfermeiro.com.br\/index.php\/wp-json\/"}],"wp:attachment":[{"href":"https:\/\/sindenfermeiro.com.br\/index.php\/wp-json\/wp\/v2\/media?parent=1918"}],"wp:term":[{"taxonomy":"category","embeddable":true,"href":"https:\/\/sindenfermeiro.com.br\/index.php\/wp-json\/wp\/v2\/categories?post=1918"},{"taxonomy":"post_tag","embeddable":true,"href":"https:\/\/sindenfermeiro.com.br\/index.php\/wp-json\/wp\/v2\/tags?post=1918"}],"curies":[{"name":"wp","href":"https:\/\/api.w.org\/{rel}","templated":true}]}}