{"id":1896,"date":"2017-10-19T13:39:43","date_gmt":"2017-10-19T13:39:43","guid":{"rendered":"http:\/\/www.sindenfermeiro.com.br\/?p=1896"},"modified":"2026-05-01T05:52:49","modified_gmt":"2026-05-01T08:52:49","slug":"trf-derruba-liminar-que-impedia-enfermeiros-de-solicitar-exames","status":"publish","type":"post","link":"https:\/\/sindenfermeiro.com.br\/index.php\/2017\/10\/19\/trf-derruba-liminar-que-impedia-enfermeiros-de-solicitar-exames\/","title":{"rendered":"TRF derruba liminar que impedia enfermeiros de solicitar exames"},"content":{"rendered":"<p style=\"text-align: justify\">O Tribunal Regional Federal da 1\u00aa Regi\u00e3o (TRF 1) derrubou, na \u00faltima quarta (18), a liminar da 20\u00aa Vara C\u00edvel do Distrito Federal, que impedia enfermeiros de solicitar exames. N\u00e3o cabe recurso. Com isso, a\u00a0liminar fica suspensa at\u00e9 o julgamento do m\u00e9rito do processo e a Portaria 2488\/11, do Minist\u00e9rio da Sa\u00fade, volta a valer.<\/p>\n<p style=\"text-align: justify\">A decis\u00e3o do presidente do TRF, desembargador Hilton Queiroz, atende solicita\u00e7\u00e3o da Advocacia-Geral da Uni\u00e3o (AGU). Em recurso, o \u00f3rg\u00e3o destacou que a decis\u00e3o da 20\u00aa Vara, proferida pelo ju\u00edz Renato Borelli em favor ao Conselho Federal de Medicina, &#8220;representa grave ofensa \u00e0 sa\u00fade p\u00fablica, na medida em que impacta diretamente a realiza\u00e7\u00e3o de importantes exames preventivos relacionados \u00e0 aten\u00e7\u00e3o b\u00e1sica \u00e0 sa\u00fade&#8221;.<\/p>\n<p style=\"text-align: justify\">A Advocacia-Geral destaca ainda que, enfermeiros podem solicitar exames complementares, al\u00e9m de prescrever medica\u00e7\u00f5es e encaminhar o paciente a outro profissional, quando necess\u00e1rio, &#8220;conforme protocolos e outras normativas t\u00e9cnicas estabelecidas pela gest\u00e3o federal, estadual, municipal ou do Distrito Federal.<\/p>\n<p style=\"text-align: justify\">A AGU ainda lembrou que, em virtude do&#8221; papel do enfermeiro no cuidado integral e tamb\u00e9m no manejo das infec\u00e7\u00f5es sexualmente transmiss\u00edveis&#8221;,a realiza\u00e7\u00e3o de consulta de enfermagem, procedimentos de enfermagem e atividades em grupo est\u00e3o entre as atribui\u00e7\u00f5es do profissional.<\/p>\n<p style=\"text-align: justify\"><strong>COFEN\u00a0<\/strong><\/p>\n<p style=\"text-align: justify\">Em nota, o Conselho Federal de Enfermagem (COFEN) afirmou que a &#8220;restri\u00e7\u00e3o imposta pela decis\u00e3o liminar afetou o atendimento a milhares brasileiros, atrasando ou inviabilizando exames essenciais, inclusive pr\u00e9-natais, al\u00e9m de interromper protocolos da Estrat\u00e9gia de Sa\u00fade da Fam\u00edlia, prejudicando programas como o acompanhamento de diab\u00e9ticos e hipertensos (\u201chiperdia\u201d), tuberculose, hansen\u00edase, DST\/Aids, dentre outros&#8221;.<\/p>\n<p style=\"text-align: justify\">O Conselho destacou que, segundo a Resolu\u00e7\u00e3o Cofen 195\/97 (em vigor), a &#8220;solicita\u00e7\u00e3o de exames de rotina e complementares \u00e9 realidade consolidada no Brasil&#8221;.<\/p>\n<p style=\"text-align: justify\">Ainda de acordo com o \u00f3rg\u00e3o representativo da enfermagem, a &#8220;consulta de Enfermagem, o diagn\u00f3stico de Enfermagem e a prescri\u00e7\u00e3o de medicamentos em protocolos s\u00e3o compet\u00eancias dos enfermeiros estabelecidas na Lei 7.498\/1986&#8221;.<\/p>\n","protected":false},"excerpt":{"rendered":"<p>O Tribunal Regional Federal da 1\u00aa Regi\u00e3o (TRF 1) derrubou, na \u00faltima quarta (18), a liminar da 20\u00aa Vara C\u00edvel do Distrito Federal, que impedia enfermeiros de solicitar exames. N\u00e3o cabe recurso. Com isso, a\u00a0liminar fica suspensa at\u00e9 o julgamento do m\u00e9rito do processo e a Portaria 2488\/11, do Minist\u00e9rio da Sa\u00fade, volta a valer. [&hellip;]<\/p>\n","protected":false},"author":6,"featured_media":1897,"comment_status":"closed","ping_status":"closed","sticky":false,"template":"","format":"standard","meta":{"footnotes":""},"categories":[6,2],"tags":[],"class_list":["post-1896","post","type-post","status-publish","format-standard","has-post-thumbnail","hentry","category-noticias","category-teste"],"_links":{"self":[{"href":"https:\/\/sindenfermeiro.com.br\/index.php\/wp-json\/wp\/v2\/posts\/1896","targetHints":{"allow":["GET"]}}],"collection":[{"href":"https:\/\/sindenfermeiro.com.br\/index.php\/wp-json\/wp\/v2\/posts"}],"about":[{"href":"https:\/\/sindenfermeiro.com.br\/index.php\/wp-json\/wp\/v2\/types\/post"}],"author":[{"embeddable":true,"href":"https:\/\/sindenfermeiro.com.br\/index.php\/wp-json\/wp\/v2\/users\/6"}],"replies":[{"embeddable":true,"href":"https:\/\/sindenfermeiro.com.br\/index.php\/wp-json\/wp\/v2\/comments?post=1896"}],"version-history":[{"count":1,"href":"https:\/\/sindenfermeiro.com.br\/index.php\/wp-json\/wp\/v2\/posts\/1896\/revisions"}],"predecessor-version":[{"id":29447,"href":"https:\/\/sindenfermeiro.com.br\/index.php\/wp-json\/wp\/v2\/posts\/1896\/revisions\/29447"}],"wp:featuredmedia":[{"embeddable":true,"href":"https:\/\/sindenfermeiro.com.br\/index.php\/wp-json\/"}],"wp:attachment":[{"href":"https:\/\/sindenfermeiro.com.br\/index.php\/wp-json\/wp\/v2\/media?parent=1896"}],"wp:term":[{"taxonomy":"category","embeddable":true,"href":"https:\/\/sindenfermeiro.com.br\/index.php\/wp-json\/wp\/v2\/categories?post=1896"},{"taxonomy":"post_tag","embeddable":true,"href":"https:\/\/sindenfermeiro.com.br\/index.php\/wp-json\/wp\/v2\/tags?post=1896"}],"curies":[{"name":"wp","href":"https:\/\/api.w.org\/{rel}","templated":true}]}}