{"id":1893,"date":"2017-10-17T19:42:21","date_gmt":"2017-10-17T19:42:21","guid":{"rendered":"http:\/\/www.sindenfermeiro.com.br\/?p=1893"},"modified":"2026-04-29T15:32:09","modified_gmt":"2026-04-29T18:32:09","slug":"gdf-anuncia-nomeacao-de-137-enfermeiros","status":"publish","type":"post","link":"https:\/\/sindenfermeiro.com.br\/index.php\/2017\/10\/17\/gdf-anuncia-nomeacao-de-137-enfermeiros\/","title":{"rendered":"GDF anuncia nomea\u00e7\u00e3o de 137 enfermeiros"},"content":{"rendered":"<p><em><strong>No entanto,\u00a0SindEnfermeiro manter\u00e1 esfor\u00e7o por novas convoca\u00e7\u00f5es\u00a0<\/strong><\/em><\/p>\n<p>O governador Rodrigo Rollemberg (PSB) anunciou, nessa ter\u00e7a-feira (17), a nomea\u00e7\u00e3o de 137 enfermeiros para a Secretaria de Sa\u00fade (SES). De acordo com o governador, as nomea\u00e7\u00f5es ser\u00e3o publicadas no Di\u00e1rio Oficial do Distrito Federal (DODF) at\u00e9 o fim desse m\u00eas de outubro. O GDF ainda confirmou que os novos servidores devem tomar posse em um prazo de at\u00e9 30 dias, ap\u00f3s a publica\u00e7\u00e3o no Di\u00e1rio Oficial.<\/p>\n<p>A presidente do SindEnfermeiro, Dayse Amar\u00edlio, chama a aten\u00e7\u00e3o para o n\u00famero ainda distante da necessidade constatada na assist\u00eancia. &#8220;Essas nomea\u00e7\u00f5es s\u00e3o positivas, mas \u00e9 muito pouco diante do d\u00e9ficit, que \u00e9 em torno de 1.700 enfermeiros&#8221;, lembra Dayse.<\/p>\n<p><img loading=\"lazy\" decoding=\"async\" class=\"aligncenter size-full wp-image-1894\" src=\"http:\/\/www.sindenfermeiro.com.br\/wp-content\/uploads\/2017\/10\/secretaria-de-saude.jpg\" alt=\"\" width=\"500\" height=\"294\" \/><\/p>\n<p>Dayse destacou ainda que o SindEnfermeiro tem &#8220;reiterado as solicita\u00e7\u00f5es para que a SES estabele\u00e7a um prazo para novas nomea\u00e7\u00f5es&#8221; e amplie as 40 horas, ao inv\u00e9s de investir em horas-extras. &#8220;A gente tem batalhado na retirada das horas-extras para que os concursados sejam chamados. Al\u00e9m de buscar a amplia\u00e7\u00e3o das 40 horas, principalmente em pontos estrat\u00e9gicos, como os de Estrat\u00e9gia Sa\u00fade da Fam\u00edlia, emerg\u00eancias e no que diz respeito a abertura de leitos de UTI&#8221;, diz.<\/p>\n<p>A presidente do SindEnfemeiro tamb\u00e9m lembrou que, com a sa\u00edda do GDF do limite prudencial da Lei de Responsabilidade Fiscal (LRF), o sindicato aumentou as cobran\u00e7as pelas nomea\u00e7\u00f5es, tendo em vista que, na Lei de Diretrizes Or\u00e7ament\u00e1ria (LDO) proposta pela C\u00e2mara Legislativa (CLDF) para 2018, consta o n\u00famero de 500 enfermeiros a serem chamados. &#8220;O sindicato vai fazer toda a press\u00e3o necess\u00e1ria para que, em 2018, a gente consiga chamar mais enfermeiros. Bras\u00edlia precisa de mais enfermeiros, na assist\u00eancia. A popula\u00e7\u00e3o e a sa\u00fade precisam&#8221;, afirma Dayse.<\/p>\n","protected":false},"excerpt":{"rendered":"<p>No entanto,\u00a0SindEnfermeiro manter\u00e1 esfor\u00e7o por novas convoca\u00e7\u00f5es\u00a0 O governador Rodrigo Rollemberg (PSB) anunciou, nessa ter\u00e7a-feira (17), a nomea\u00e7\u00e3o de 137 enfermeiros para a Secretaria de Sa\u00fade (SES). De acordo com o governador, as nomea\u00e7\u00f5es ser\u00e3o publicadas no Di\u00e1rio Oficial do Distrito Federal (DODF) at\u00e9 o fim desse m\u00eas de outubro. O GDF ainda confirmou que [&hellip;]<\/p>\n","protected":false},"author":6,"featured_media":1894,"comment_status":"closed","ping_status":"closed","sticky":false,"template":"","format":"standard","meta":{"footnotes":""},"categories":[6,2],"tags":[],"class_list":["post-1893","post","type-post","status-publish","format-standard","has-post-thumbnail","hentry","category-noticias","category-teste"],"_links":{"self":[{"href":"https:\/\/sindenfermeiro.com.br\/index.php\/wp-json\/wp\/v2\/posts\/1893","targetHints":{"allow":["GET"]}}],"collection":[{"href":"https:\/\/sindenfermeiro.com.br\/index.php\/wp-json\/wp\/v2\/posts"}],"about":[{"href":"https:\/\/sindenfermeiro.com.br\/index.php\/wp-json\/wp\/v2\/types\/post"}],"author":[{"embeddable":true,"href":"https:\/\/sindenfermeiro.com.br\/index.php\/wp-json\/wp\/v2\/users\/6"}],"replies":[{"embeddable":true,"href":"https:\/\/sindenfermeiro.com.br\/index.php\/wp-json\/wp\/v2\/comments?post=1893"}],"version-history":[{"count":1,"href":"https:\/\/sindenfermeiro.com.br\/index.php\/wp-json\/wp\/v2\/posts\/1893\/revisions"}],"predecessor-version":[{"id":29461,"href":"https:\/\/sindenfermeiro.com.br\/index.php\/wp-json\/wp\/v2\/posts\/1893\/revisions\/29461"}],"wp:featuredmedia":[{"embeddable":true,"href":"https:\/\/sindenfermeiro.com.br\/index.php\/wp-json\/"}],"wp:attachment":[{"href":"https:\/\/sindenfermeiro.com.br\/index.php\/wp-json\/wp\/v2\/media?parent=1893"}],"wp:term":[{"taxonomy":"category","embeddable":true,"href":"https:\/\/sindenfermeiro.com.br\/index.php\/wp-json\/wp\/v2\/categories?post=1893"},{"taxonomy":"post_tag","embeddable":true,"href":"https:\/\/sindenfermeiro.com.br\/index.php\/wp-json\/wp\/v2\/tags?post=1893"}],"curies":[{"name":"wp","href":"https:\/\/api.w.org\/{rel}","templated":true}]}}